{"id":4718,"date":"2023-05-08T16:16:20","date_gmt":"2023-05-08T14:16:20","guid":{"rendered":"https:\/\/zelger.it\/anche-alle-orecchie-piace-caldo\/"},"modified":"2023-09-07T14:34:56","modified_gmt":"2023-09-07T12:34:56","slug":"auch-ohren-mogen-es-warm","status":"publish","type":"post","link":"https:\/\/www.zelger.it\/de\/auch-ohren-mogen-es-warm\/","title":{"rendered":"Auch Ohren m\u00f6gen es warm"},"content":{"rendered":"\n<p>Unsere Ohren k\u00fchlen bei K\u00e4lte sehr schnell aus. Das liegt daran, dass die Haut der Ohrmuscheln und des Innenohrs sehr d\u00fcnn ist und \u00fcber wenig Fettgewebe verf\u00fcgt. So entstehen selbst bei Plusgraden schnell <strong>Ohrenschmerzen<\/strong>, die aber beim Betreten warmer R\u00e4ume wieder abklingen. Bei Temperaturen unter dem Gefrierpunkt hingegen kann es an den Ohrmuscheln zu Erfrierungen kommen. <strong>Bakterien und Viren<\/strong> haben bei kalten Ohren leichtes Spiel und k\u00f6nnen Mittelohrentz\u00fcndungen oder sogar Sch\u00e4digungen des <strong>Innenohrs<\/strong> ausl\u00f6sen. Beides kann bleibende <strong>H\u00f6rverluste<\/strong> verursachen.<br><br><strong>Wolle statt Watte<\/strong><br>Um die Ohren vor der kalten Winterluft zu sch\u00fctzen, stecken sich manche Menschen Watteb\u00e4uschchen in den Geh\u00f6rgang. Diese beeintr\u00e4chtigen jedoch die Bel\u00fcftung des Ohrs und beg\u00fcnstigen das Einnisten von Krankheitserregern. M\u00fctzen, Stirnb\u00e4nder oder Ohrensch\u00fctzer leisten bessere Dienste gegen die <strong>K\u00e4lteeinwirkung<\/strong>. Die Ohrmuscheln und die Geh\u00f6reing\u00e4nge sollten bei Temperaturen unter Null von diesen \u201eWarmhaltern\u201c gut bedeckt sein.<br><br><strong>Feuchte Ohren sind tabu<\/strong><br>Feuchte Ohren sollten bei frostigen Temperaturen unbedingt vermieden werden, damit Keime keine Chance haben. Falls nach dem <strong>Duschen oder Baden<\/strong> Wasser im Geh\u00f6rgang zur\u00fcckbleibt, m\u00fcssen die Ohren mit Handtuch oder F\u00f6hn gut getrocknet werden. Das gilt vor allem f\u00fcr jene, die auch im Winter nicht auf ihr Schwimmtraining verzichten wollen. <strong>Ma\u00dfgefertigte Ohrst\u00f6psel<\/strong> sch\u00fctzen wirksam vor dem Eintritt von Spritzwasser ins Ohr.<br><br>Mit trockenen und warmen Ohren gibt es keinen Grund, sich bei K\u00e4lte hinter dem Ofen zu verkriechen. Denn frische Luft tut auch im Winter gut.<\/p>\n","protected":false},"excerpt":{"rendered":"<p>Unsere Ohren k\u00fchlen bei K\u00e4lte sehr schnell aus. Das liegt daran, dass die Haut der Ohrmuscheln und des Innenohrs sehr d\u00fcnn ist und \u00fcber wenig Fettgewebe verf\u00fcgt. So entstehen selbst bei Plusgraden schnell Ohrenschmerzen, die aber beim Betreten warmer R\u00e4ume wieder abklingen. Bei Temperaturen unter dem Gefrierpunkt hingegen kann es an den Ohrmuscheln zu Erfrierungen [&hellip;]<\/p>\n","protected":false},"author":2,"featured_media":4302,"comment_status":"closed","ping_status":"closed","sticky":false,"template":"","format":"standard","meta":{"site-sidebar-layout":"default","site-content-layout":"","ast-site-content-layout":"default","site-content-style":"default","site-sidebar-style":"default","ast-global-header-display":"","ast-banner-title-visibility":"","ast-main-header-display":"","ast-hfb-above-header-display":"","ast-hfb-below-header-display":"","ast-hfb-mobile-header-display":"","site-post-title":"","ast-breadcrumbs-content":"","ast-featured-img":"","footer-sml-layout":"","ast-disable-related-posts":"","theme-transparent-header-meta":"","adv-header-id-meta":"","stick-header-meta":"","header-above-stick-meta":"","header-main-stick-meta":"","header-below-stick-meta":"","astra-migrate-meta-layouts":"set","ast-page-background-enabled":"default","ast-page-background-meta":{"desktop":{"background-color":"var(--ast-global-color-4)","background-image":"","background-repeat":"repeat","background-position":"center center","background-size":"auto","background-attachment":"scroll","background-type":"","background-media":"","overlay-type":"","overlay-color":"","overlay-opacity":"","overlay-gradient":""},"tablet":{"background-color":"","background-image":"","background-repeat":"repeat","background-position":"center center","background-size":"auto","background-attachment":"scroll","background-type":"","background-media":"","overlay-type":"","overlay-color":"","overlay-opacity":"","overlay-gradient":""},"mobile":{"background-color":"","background-image":"","background-repeat":"repeat","background-position":"center center","background-size":"auto","background-attachment":"scroll","background-type":"","background-media":"","overlay-type":"","overlay-color":"","overlay-opacity":"","overlay-gradient":""}},"ast-content-background-meta":{"desktop":{"background-color":"var(--ast-global-color-5)","background-image":"","background-repeat":"repeat","background-position":"center center","background-size":"auto","background-attachment":"scroll","background-type":"","background-media":"","overlay-type":"","overlay-color":"","overlay-opacity":"","overlay-gradient":""},"tablet":{"background-color":"var(--ast-global-color-5)","background-image":"","background-repeat":"repeat","background-position":"center center","background-size":"auto","background-attachment":"scroll","background-type":"","background-media":"","overlay-type":"","overlay-color":"","overlay-opacity":"","overlay-gradient":""},"mobile":{"background-color":"var(--ast-global-color-5)","background-image":"","background-repeat":"repeat","background-position":"center center","background-size":"auto","background-attachment":"scroll","background-type":"","background-media":"","overlay-type":"","overlay-color":"","overlay-opacity":"","overlay-gradient":""}},"footnotes":""},"categories":[43],"tags":[],"class_list":["post-4718","post","type-post","status-publish","format-standard","has-post-thumbnail","hentry","category-news-de"],"yoast_head":"<!-- This site is optimized with the Yoast SEO plugin v27.4 - https:\/\/yoast.com\/product\/yoast-seo-wordpress\/ -->\n<title>Auch Ohren m\u00f6gen es warm - Zelger - Ihre H\u00f6rexperten<\/title>\n<meta name=\"robots\" content=\"index, follow, max-snippet:-1, max-image-preview:large, max-video-preview:-1\" \/>\n<link rel=\"canonical\" href=\"https:\/\/www.zelger.it\/de\/auch-ohren-mogen-es-warm\/\" \/>\n<meta property=\"og:locale\" content=\"de_DE\" \/>\n<meta property=\"og:type\" content=\"article\" \/>\n<meta property=\"og:title\" content=\"Auch Ohren m\u00f6gen es warm - Zelger - Ihre H\u00f6rexperten\" \/>\n<meta property=\"og:description\" content=\"Unsere Ohren k\u00fchlen bei K\u00e4lte sehr schnell aus. Das liegt daran, dass die Haut der Ohrmuscheln und des Innenohrs sehr d\u00fcnn ist und \u00fcber wenig Fettgewebe verf\u00fcgt. So entstehen selbst bei Plusgraden schnell Ohrenschmerzen, die aber beim Betreten warmer R\u00e4ume wieder abklingen. Bei Temperaturen unter dem Gefrierpunkt hingegen kann es an den Ohrmuscheln zu Erfrierungen [&hellip;]\" \/>\n<meta property=\"og:url\" content=\"https:\/\/www.zelger.it\/de\/auch-ohren-mogen-es-warm\/\" \/>\n<meta property=\"og:site_name\" content=\"Zelger - Ihre H\u00f6rexperten\" \/>\n<meta property=\"article:publisher\" content=\"https:\/\/www.facebook.com\/zelger.it\" \/>\n<meta property=\"article:published_time\" content=\"2023-05-08T14:16:20+00:00\" \/>\n<meta property=\"article:modified_time\" content=\"2023-09-07T12:34:56+00:00\" \/>\n<meta property=\"og:image\" content=\"https:\/\/www.zelger.it\/wp-content\/uploads\/2023\/05\/auch-ohren-mogen-es-warm.jpg\" \/>\n\t<meta property=\"og:image:width\" content=\"1170\" \/>\n\t<meta property=\"og:image:height\" content=\"658\" \/>\n\t<meta property=\"og:image:type\" content=\"image\/jpeg\" \/>\n<meta name=\"author\" content=\"Michela\" \/>\n<meta name=\"twitter:card\" content=\"summary_large_image\" \/>\n<meta name=\"twitter:label1\" content=\"Verfasst von\" \/>\n\t<meta name=\"twitter:data1\" content=\"Michela\" \/>\n\t<meta name=\"twitter:label2\" content=\"Gesch\u00e4tzte Lesezeit\" \/>\n\t<meta name=\"twitter:data2\" content=\"1\u00a0Minute\" \/>\n<script type=\"application\/ld+json\" class=\"yoast-schema-graph\">{\"@context\":\"https:\\\/\\\/schema.org\",\"@graph\":[{\"@type\":\"Article\",\"@id\":\"https:\\\/\\\/www.zelger.it\\\/de\\\/auch-ohren-mogen-es-warm\\\/#article\",\"isPartOf\":{\"@id\":\"https:\\\/\\\/www.zelger.it\\\/de\\\/auch-ohren-mogen-es-warm\\\/\"},\"author\":{\"name\":\"Michela\",\"@id\":\"https:\\\/\\\/www.zelger.it\\\/de\\\/#\\\/schema\\\/person\\\/c3e2cf838120cb622df1cd5cca9609f2\"},\"headline\":\"Auch Ohren m\u00f6gen es warm\",\"datePublished\":\"2023-05-08T14:16:20+00:00\",\"dateModified\":\"2023-09-07T12:34:56+00:00\",\"mainEntityOfPage\":{\"@id\":\"https:\\\/\\\/www.zelger.it\\\/de\\\/auch-ohren-mogen-es-warm\\\/\"},\"wordCount\":265,\"publisher\":{\"@id\":\"https:\\\/\\\/www.zelger.it\\\/de\\\/#organization\"},\"image\":{\"@id\":\"https:\\\/\\\/www.zelger.it\\\/de\\\/auch-ohren-mogen-es-warm\\\/#primaryimage\"},\"thumbnailUrl\":\"https:\\\/\\\/www.zelger.it\\\/wp-content\\\/uploads\\\/2023\\\/05\\\/auch-ohren-mogen-es-warm.jpg\",\"articleSection\":[\"News\"],\"inLanguage\":\"de\"},{\"@type\":\"WebPage\",\"@id\":\"https:\\\/\\\/www.zelger.it\\\/de\\\/auch-ohren-mogen-es-warm\\\/\",\"url\":\"https:\\\/\\\/www.zelger.it\\\/de\\\/auch-ohren-mogen-es-warm\\\/\",\"name\":\"Auch Ohren m\u00f6gen es warm - Zelger - Ihre H\u00f6rexperten\",\"isPartOf\":{\"@id\":\"https:\\\/\\\/www.zelger.it\\\/de\\\/#website\"},\"primaryImageOfPage\":{\"@id\":\"https:\\\/\\\/www.zelger.it\\\/de\\\/auch-ohren-mogen-es-warm\\\/#primaryimage\"},\"image\":{\"@id\":\"https:\\\/\\\/www.zelger.it\\\/de\\\/auch-ohren-mogen-es-warm\\\/#primaryimage\"},\"thumbnailUrl\":\"https:\\\/\\\/www.zelger.it\\\/wp-content\\\/uploads\\\/2023\\\/05\\\/auch-ohren-mogen-es-warm.jpg\",\"datePublished\":\"2023-05-08T14:16:20+00:00\",\"dateModified\":\"2023-09-07T12:34:56+00:00\",\"breadcrumb\":{\"@id\":\"https:\\\/\\\/www.zelger.it\\\/de\\\/auch-ohren-mogen-es-warm\\\/#breadcrumb\"},\"inLanguage\":\"de\",\"potentialAction\":[{\"@type\":\"ReadAction\",\"target\":[\"https:\\\/\\\/www.zelger.it\\\/de\\\/auch-ohren-mogen-es-warm\\\/\"]}]},{\"@type\":\"ImageObject\",\"inLanguage\":\"de\",\"@id\":\"https:\\\/\\\/www.zelger.it\\\/de\\\/auch-ohren-mogen-es-warm\\\/#primaryimage\",\"url\":\"https:\\\/\\\/www.zelger.it\\\/wp-content\\\/uploads\\\/2023\\\/05\\\/auch-ohren-mogen-es-warm.jpg\",\"contentUrl\":\"https:\\\/\\\/www.zelger.it\\\/wp-content\\\/uploads\\\/2023\\\/05\\\/auch-ohren-mogen-es-warm.jpg\",\"width\":1170,\"height\":658},{\"@type\":\"BreadcrumbList\",\"@id\":\"https:\\\/\\\/www.zelger.it\\\/de\\\/auch-ohren-mogen-es-warm\\\/#breadcrumb\",\"itemListElement\":[{\"@type\":\"ListItem\",\"position\":1,\"name\":\"Home\",\"item\":\"https:\\\/\\\/www.zelger.it\\\/de\\\/\"},{\"@type\":\"ListItem\",\"position\":2,\"name\":\"Auch Ohren m\u00f6gen es warm\"}]},{\"@type\":\"WebSite\",\"@id\":\"https:\\\/\\\/www.zelger.it\\\/de\\\/#website\",\"url\":\"https:\\\/\\\/www.zelger.it\\\/de\\\/\",\"name\":\"Zelger - Ihre H\u00f6rexperten\",\"description\":\"Apparecchi acustici da Zelger | Esperti dell\u2019udito nel Nord Italia\",\"publisher\":{\"@id\":\"https:\\\/\\\/www.zelger.it\\\/de\\\/#organization\"},\"potentialAction\":[{\"@type\":\"SearchAction\",\"target\":{\"@type\":\"EntryPoint\",\"urlTemplate\":\"https:\\\/\\\/www.zelger.it\\\/de\\\/?s={search_term_string}\"},\"query-input\":{\"@type\":\"PropertyValueSpecification\",\"valueRequired\":true,\"valueName\":\"search_term_string\"}}],\"inLanguage\":\"de\"},{\"@type\":\"Organization\",\"@id\":\"https:\\\/\\\/www.zelger.it\\\/de\\\/#organization\",\"name\":\"Zelger Srl\",\"url\":\"https:\\\/\\\/www.zelger.it\\\/de\\\/\",\"logo\":{\"@type\":\"ImageObject\",\"inLanguage\":\"de\",\"@id\":\"https:\\\/\\\/www.zelger.it\\\/de\\\/#\\\/schema\\\/logo\\\/image\\\/\",\"url\":\"https:\\\/\\\/www.zelger.it\\\/wp-content\\\/uploads\\\/2023\\\/03\\\/Logo_it.svg\",\"contentUrl\":\"https:\\\/\\\/www.zelger.it\\\/wp-content\\\/uploads\\\/2023\\\/03\\\/Logo_it.svg\",\"caption\":\"Zelger Srl\"},\"image\":{\"@id\":\"https:\\\/\\\/www.zelger.it\\\/de\\\/#\\\/schema\\\/logo\\\/image\\\/\"},\"sameAs\":[\"https:\\\/\\\/www.facebook.com\\\/zelger.it\",\"https:\\\/\\\/www.youtube.com\\\/channel\\\/UCElzmntcVyuS8eWah3Ut8GA\"]},{\"@type\":\"Person\",\"@id\":\"https:\\\/\\\/www.zelger.it\\\/de\\\/#\\\/schema\\\/person\\\/c3e2cf838120cb622df1cd5cca9609f2\",\"name\":\"Michela\",\"image\":{\"@type\":\"ImageObject\",\"inLanguage\":\"de\",\"@id\":\"https:\\\/\\\/secure.gravatar.com\\\/avatar\\\/58610bec40f796fcc3113f029b7e5d6f5bdb23826ac28a07f9aced03e821bb28?s=96&d=mm&r=g\",\"url\":\"https:\\\/\\\/secure.gravatar.com\\\/avatar\\\/58610bec40f796fcc3113f029b7e5d6f5bdb23826ac28a07f9aced03e821bb28?s=96&d=mm&r=g\",\"contentUrl\":\"https:\\\/\\\/secure.gravatar.com\\\/avatar\\\/58610bec40f796fcc3113f029b7e5d6f5bdb23826ac28a07f9aced03e821bb28?s=96&d=mm&r=g\",\"caption\":\"Michela\"}}]}<\/script>\n<!-- \/ Yoast SEO plugin. -->","yoast_head_json":{"title":"Auch Ohren m\u00f6gen es warm - Zelger - Ihre H\u00f6rexperten","robots":{"index":"index","follow":"follow","max-snippet":"max-snippet:-1","max-image-preview":"max-image-preview:large","max-video-preview":"max-video-preview:-1"},"canonical":"https:\/\/www.zelger.it\/de\/auch-ohren-mogen-es-warm\/","og_locale":"de_DE","og_type":"article","og_title":"Auch Ohren m\u00f6gen es warm - Zelger - Ihre H\u00f6rexperten","og_description":"Unsere Ohren k\u00fchlen bei K\u00e4lte sehr schnell aus. Das liegt daran, dass die Haut der Ohrmuscheln und des Innenohrs sehr d\u00fcnn ist und \u00fcber wenig Fettgewebe verf\u00fcgt. So entstehen selbst bei Plusgraden schnell Ohrenschmerzen, die aber beim Betreten warmer R\u00e4ume wieder abklingen. Bei Temperaturen unter dem Gefrierpunkt hingegen kann es an den Ohrmuscheln zu Erfrierungen [&hellip;]","og_url":"https:\/\/www.zelger.it\/de\/auch-ohren-mogen-es-warm\/","og_site_name":"Zelger - Ihre H\u00f6rexperten","article_publisher":"https:\/\/www.facebook.com\/zelger.it","article_published_time":"2023-05-08T14:16:20+00:00","article_modified_time":"2023-09-07T12:34:56+00:00","og_image":[{"width":1170,"height":658,"url":"https:\/\/www.zelger.it\/wp-content\/uploads\/2023\/05\/auch-ohren-mogen-es-warm.jpg","type":"image\/jpeg"}],"author":"Michela","twitter_card":"summary_large_image","twitter_misc":{"Verfasst von":"Michela","Gesch\u00e4tzte Lesezeit":"1\u00a0Minute"},"schema":{"@context":"https:\/\/schema.org","@graph":[{"@type":"Article","@id":"https:\/\/www.zelger.it\/de\/auch-ohren-mogen-es-warm\/#article","isPartOf":{"@id":"https:\/\/www.zelger.it\/de\/auch-ohren-mogen-es-warm\/"},"author":{"name":"Michela","@id":"https:\/\/www.zelger.it\/de\/#\/schema\/person\/c3e2cf838120cb622df1cd5cca9609f2"},"headline":"Auch Ohren m\u00f6gen es warm","datePublished":"2023-05-08T14:16:20+00:00","dateModified":"2023-09-07T12:34:56+00:00","mainEntityOfPage":{"@id":"https:\/\/www.zelger.it\/de\/auch-ohren-mogen-es-warm\/"},"wordCount":265,"publisher":{"@id":"https:\/\/www.zelger.it\/de\/#organization"},"image":{"@id":"https:\/\/www.zelger.it\/de\/auch-ohren-mogen-es-warm\/#primaryimage"},"thumbnailUrl":"https:\/\/www.zelger.it\/wp-content\/uploads\/2023\/05\/auch-ohren-mogen-es-warm.jpg","articleSection":["News"],"inLanguage":"de"},{"@type":"WebPage","@id":"https:\/\/www.zelger.it\/de\/auch-ohren-mogen-es-warm\/","url":"https:\/\/www.zelger.it\/de\/auch-ohren-mogen-es-warm\/","name":"Auch Ohren m\u00f6gen es warm - Zelger - Ihre H\u00f6rexperten","isPartOf":{"@id":"https:\/\/www.zelger.it\/de\/#website"},"primaryImageOfPage":{"@id":"https:\/\/www.zelger.it\/de\/auch-ohren-mogen-es-warm\/#primaryimage"},"image":{"@id":"https:\/\/www.zelger.it\/de\/auch-ohren-mogen-es-warm\/#primaryimage"},"thumbnailUrl":"https:\/\/www.zelger.it\/wp-content\/uploads\/2023\/05\/auch-ohren-mogen-es-warm.jpg","datePublished":"2023-05-08T14:16:20+00:00","dateModified":"2023-09-07T12:34:56+00:00","breadcrumb":{"@id":"https:\/\/www.zelger.it\/de\/auch-ohren-mogen-es-warm\/#breadcrumb"},"inLanguage":"de","potentialAction":[{"@type":"ReadAction","target":["https:\/\/www.zelger.it\/de\/auch-ohren-mogen-es-warm\/"]}]},{"@type":"ImageObject","inLanguage":"de","@id":"https:\/\/www.zelger.it\/de\/auch-ohren-mogen-es-warm\/#primaryimage","url":"https:\/\/www.zelger.it\/wp-content\/uploads\/2023\/05\/auch-ohren-mogen-es-warm.jpg","contentUrl":"https:\/\/www.zelger.it\/wp-content\/uploads\/2023\/05\/auch-ohren-mogen-es-warm.jpg","width":1170,"height":658},{"@type":"BreadcrumbList","@id":"https:\/\/www.zelger.it\/de\/auch-ohren-mogen-es-warm\/#breadcrumb","itemListElement":[{"@type":"ListItem","position":1,"name":"Home","item":"https:\/\/www.zelger.it\/de\/"},{"@type":"ListItem","position":2,"name":"Auch Ohren m\u00f6gen es warm"}]},{"@type":"WebSite","@id":"https:\/\/www.zelger.it\/de\/#website","url":"https:\/\/www.zelger.it\/de\/","name":"Zelger - Ihre H\u00f6rexperten","description":"Apparecchi acustici da Zelger | Esperti dell\u2019udito nel Nord Italia","publisher":{"@id":"https:\/\/www.zelger.it\/de\/#organization"},"potentialAction":[{"@type":"SearchAction","target":{"@type":"EntryPoint","urlTemplate":"https:\/\/www.zelger.it\/de\/?s={search_term_string}"},"query-input":{"@type":"PropertyValueSpecification","valueRequired":true,"valueName":"search_term_string"}}],"inLanguage":"de"},{"@type":"Organization","@id":"https:\/\/www.zelger.it\/de\/#organization","name":"Zelger Srl","url":"https:\/\/www.zelger.it\/de\/","logo":{"@type":"ImageObject","inLanguage":"de","@id":"https:\/\/www.zelger.it\/de\/#\/schema\/logo\/image\/","url":"https:\/\/www.zelger.it\/wp-content\/uploads\/2023\/03\/Logo_it.svg","contentUrl":"https:\/\/www.zelger.it\/wp-content\/uploads\/2023\/03\/Logo_it.svg","caption":"Zelger Srl"},"image":{"@id":"https:\/\/www.zelger.it\/de\/#\/schema\/logo\/image\/"},"sameAs":["https:\/\/www.facebook.com\/zelger.it","https:\/\/www.youtube.com\/channel\/UCElzmntcVyuS8eWah3Ut8GA"]},{"@type":"Person","@id":"https:\/\/www.zelger.it\/de\/#\/schema\/person\/c3e2cf838120cb622df1cd5cca9609f2","name":"Michela","image":{"@type":"ImageObject","inLanguage":"de","@id":"https:\/\/secure.gravatar.com\/avatar\/58610bec40f796fcc3113f029b7e5d6f5bdb23826ac28a07f9aced03e821bb28?s=96&d=mm&r=g","url":"https:\/\/secure.gravatar.com\/avatar\/58610bec40f796fcc3113f029b7e5d6f5bdb23826ac28a07f9aced03e821bb28?s=96&d=mm&r=g","contentUrl":"https:\/\/secure.gravatar.com\/avatar\/58610bec40f796fcc3113f029b7e5d6f5bdb23826ac28a07f9aced03e821bb28?s=96&d=mm&r=g","caption":"Michela"}}]}},"_links":{"self":[{"href":"https:\/\/www.zelger.it\/de\/wp-json\/wp\/v2\/posts\/4718","targetHints":{"allow":["GET"]}}],"collection":[{"href":"https:\/\/www.zelger.it\/de\/wp-json\/wp\/v2\/posts"}],"about":[{"href":"https:\/\/www.zelger.it\/de\/wp-json\/wp\/v2\/types\/post"}],"author":[{"embeddable":true,"href":"https:\/\/www.zelger.it\/de\/wp-json\/wp\/v2\/users\/2"}],"replies":[{"embeddable":true,"href":"https:\/\/www.zelger.it\/de\/wp-json\/wp\/v2\/comments?post=4718"}],"version-history":[{"count":0,"href":"https:\/\/www.zelger.it\/de\/wp-json\/wp\/v2\/posts\/4718\/revisions"}],"wp:featuredmedia":[{"embeddable":true,"href":"https:\/\/www.zelger.it\/de\/wp-json\/wp\/v2\/media\/4302"}],"wp:attachment":[{"href":"https:\/\/www.zelger.it\/de\/wp-json\/wp\/v2\/media?parent=4718"}],"wp:term":[{"taxonomy":"category","embeddable":true,"href":"https:\/\/www.zelger.it\/de\/wp-json\/wp\/v2\/categories?post=4718"},{"taxonomy":"post_tag","embeddable":true,"href":"https:\/\/www.zelger.it\/de\/wp-json\/wp\/v2\/tags?post=4718"}],"curies":[{"name":"wp","href":"https:\/\/api.w.org\/{rel}","templated":true}]}}