{"id":4692,"date":"2023-05-08T17:55:17","date_gmt":"2023-05-08T15:55:17","guid":{"rendered":"https:\/\/zelger.it\/quanto-nuoce-il-rumore-nel-tempo-libero\/"},"modified":"2023-09-07T12:25:15","modified_gmt":"2023-09-07T10:25:15","slug":"wie-schadlich-ist-freizeitlarm","status":"publish","type":"post","link":"https:\/\/www.zelger.it\/de\/wie-schadlich-ist-freizeitlarm\/","title":{"rendered":"Wie sch\u00e4dlich ist Freizeitl\u00e4rm?"},"content":{"rendered":"\n<p>In vielen Studien wurde inzwischen nachgewiesen, dass L\u00e4rm die <strong>Gesundheit<\/strong> gef\u00e4hrdet und zu den Hauptursachen f\u00fcr H\u00f6rverlust geh\u00f6rt. Bisher wurden F\u00e4lle von <strong>L\u00e4rmschwerh\u00f6rigkeit<\/strong> allerdings haupts\u00e4chlich in Verbindung mit hoher und dauerhafter <strong>L\u00e4rmbelastung bei der Arbeit <\/strong>verzeichnet. In diesem Bereich hat sich jedoch dank der zunehmenden Sensibilisierung der Betroffenen und der <strong>Verwendung von Geh\u00f6rschutz<\/strong> einiges zum Positiven ver\u00e4ndert. Anders sieht die Situation f\u00fcr den Freizeitl\u00e4rm aus, der im Vergleich zu l\u00e4rmbelasteten Arbeitspl\u00e4tzen weniger pr\u00e4zise zu lokalisieren und oft diffus oder vermischt \u2013 Beispiel Spielplatz oder Freibad \u2013 oder gar gewollt ist, wie beim <strong>individuellen Musikkonsum<\/strong> oder beim Besuch einer Diskothek. Tatsache ist: Die Hauptursache f\u00fcr L\u00e4rmschwerh\u00f6rigkeit ist heutzutage Freizeitl\u00e4rm, wobei das laute <strong>Musikh\u00f6ren \u00fcber Kopfh\u00f6rer <\/strong>eine vorrangige Rolle spielt.<br><br><strong>Wann ist laut zu laut?<br><\/strong>Wie st\u00f6rend L\u00e4rm empfunden wird, ist von Mensch zu Mensch unterschiedlich. Es gibt jedoch klare <strong>Grenzwerte<\/strong>, wann L\u00e4rmeinwirkung \u00fcber l\u00e4ngere Zeit sch\u00e4dlich ist. Ein kontinuierlicher L\u00e4rmpegel von 85 dB, wie etwa der von dichtem Stra\u00dfenverkehr, f\u00fchrt langfristig zu einem H\u00f6rschaden. Diese Lautst\u00e4rke wird jedoch in den H\u00f6rumgebungen vieler Menschen deutlich \u00fcbertroffen. <strong>Presslufthammer<\/strong> zum Beispiel verursachen Ger\u00e4uschpegel von rund 100 dB, aber bei <strong>Rockkonzerten<\/strong> werden 110-120 dB erreicht und die gleiche Tonintensit\u00e4t kann problemlos \u00fcber Kopfh\u00f6rer mit einer Stereoanlage erzeugt werden. Zum Vergleich: Eine Unterhaltung in normaler Lautst\u00e4rke wird bei 60 dB gef\u00fchrt.<br><br><strong>Neue Leitlinien der WHO<\/strong><br>Die neuen <strong>Leitlinien der Weltgesundheitsorganisation <\/strong>f\u00fcr die L\u00e4rmbelastung in Europa ber\u00fccksichtigen angesichts einer besorgniserregenden Entwicklung auch den Freizeitl\u00e4rm. Sie stellen Empfehlungen f\u00fcr den Schutz vor gesundheitssch\u00e4digendem L\u00e4rm dar, die sich an die politisch Verantwortlichen richten. Demnach sollte die t\u00e4gliche Dauerl\u00e4rmbelastung, Arbeits- und Umgebungsl\u00e4rm eingeschlossen, unter dem Mittelwert von 70 dB liegen, entsprechend in etwa der Lautst\u00e4rke einer lebhaften Unterhaltung. Wir sollten daher pr\u00fcfen und \u00fcberlegen, welchen zus\u00e4tzlichen L\u00e4rmpegeln wir uns in der Freizeit aussetzen wollen, um das Risiko zu vermeiden, eine L\u00e4rmschwerh\u00f6rigkeit zu entwickeln.<\/p>\n\n\n\n<p><strong>Downloads<\/strong>: <a href=\"http:\/\/zelger.it\/wp-content\/uploads\/2023\/09\/noise-guidelines-eng.pdf\" target=\"_blank\" rel=\"noreferrer noopener\">WHO-Leitlinien f\u00fcr L\u00e4rmbelastung (4 MB)<\/a><\/p>\n","protected":false},"excerpt":{"rendered":"<p>In vielen Studien wurde inzwischen nachgewiesen, dass L\u00e4rm die Gesundheit gef\u00e4hrdet und zu den Hauptursachen f\u00fcr H\u00f6rverlust geh\u00f6rt. Bisher wurden F\u00e4lle von L\u00e4rmschwerh\u00f6rigkeit allerdings haupts\u00e4chlich in Verbindung mit hoher und dauerhafter L\u00e4rmbelastung bei der Arbeit verzeichnet. In diesem Bereich hat sich jedoch dank der zunehmenden Sensibilisierung der Betroffenen und der Verwendung von Geh\u00f6rschutz einiges zum [&hellip;]<\/p>\n","protected":false},"author":2,"featured_media":4328,"comment_status":"closed","ping_status":"closed","sticky":false,"template":"","format":"standard","meta":{"site-sidebar-layout":"default","site-content-layout":"","ast-site-content-layout":"default","site-content-style":"default","site-sidebar-style":"default","ast-global-header-display":"","ast-banner-title-visibility":"","ast-main-header-display":"","ast-hfb-above-header-display":"","ast-hfb-below-header-display":"","ast-hfb-mobile-header-display":"","site-post-title":"","ast-breadcrumbs-content":"","ast-featured-img":"","footer-sml-layout":"","ast-disable-related-posts":"","theme-transparent-header-meta":"","adv-header-id-meta":"","stick-header-meta":"","header-above-stick-meta":"","header-main-stick-meta":"","header-below-stick-meta":"","astra-migrate-meta-layouts":"set","ast-page-background-enabled":"default","ast-page-background-meta":{"desktop":{"background-color":"var(--ast-global-color-4)","background-image":"","background-repeat":"repeat","background-position":"center center","background-size":"auto","background-attachment":"scroll","background-type":"","background-media":"","overlay-type":"","overlay-color":"","overlay-opacity":"","overlay-gradient":""},"tablet":{"background-color":"","background-image":"","background-repeat":"repeat","background-position":"center center","background-size":"auto","background-attachment":"scroll","background-type":"","background-media":"","overlay-type":"","overlay-color":"","overlay-opacity":"","overlay-gradient":""},"mobile":{"background-color":"","background-image":"","background-repeat":"repeat","background-position":"center center","background-size":"auto","background-attachment":"scroll","background-type":"","background-media":"","overlay-type":"","overlay-color":"","overlay-opacity":"","overlay-gradient":""}},"ast-content-background-meta":{"desktop":{"background-color":"var(--ast-global-color-5)","background-image":"","background-repeat":"repeat","background-position":"center center","background-size":"auto","background-attachment":"scroll","background-type":"","background-media":"","overlay-type":"","overlay-color":"","overlay-opacity":"","overlay-gradient":""},"tablet":{"background-color":"var(--ast-global-color-5)","background-image":"","background-repeat":"repeat","background-position":"center center","background-size":"auto","background-attachment":"scroll","background-type":"","background-media":"","overlay-type":"","overlay-color":"","overlay-opacity":"","overlay-gradient":""},"mobile":{"background-color":"var(--ast-global-color-5)","background-image":"","background-repeat":"repeat","background-position":"center center","background-size":"auto","background-attachment":"scroll","background-type":"","background-media":"","overlay-type":"","overlay-color":"","overlay-opacity":"","overlay-gradient":""}},"footnotes":""},"categories":[43],"tags":[],"class_list":["post-4692","post","type-post","status-publish","format-standard","has-post-thumbnail","hentry","category-news-de"],"yoast_head":"<!-- This site is optimized with the Yoast SEO plugin v27.4 - https:\/\/yoast.com\/product\/yoast-seo-wordpress\/ -->\n<title>Wie sch\u00e4dlich ist Freizeitl\u00e4rm? - Zelger - Ihre H\u00f6rexperten<\/title>\n<meta name=\"robots\" content=\"index, follow, max-snippet:-1, max-image-preview:large, max-video-preview:-1\" \/>\n<link rel=\"canonical\" href=\"https:\/\/www.zelger.it\/de\/wie-schadlich-ist-freizeitlarm\/\" \/>\n<meta property=\"og:locale\" content=\"de_DE\" \/>\n<meta property=\"og:type\" content=\"article\" \/>\n<meta property=\"og:title\" content=\"Wie sch\u00e4dlich ist Freizeitl\u00e4rm? - Zelger - Ihre H\u00f6rexperten\" \/>\n<meta property=\"og:description\" content=\"In vielen Studien wurde inzwischen nachgewiesen, dass L\u00e4rm die Gesundheit gef\u00e4hrdet und zu den Hauptursachen f\u00fcr H\u00f6rverlust geh\u00f6rt. Bisher wurden F\u00e4lle von L\u00e4rmschwerh\u00f6rigkeit allerdings haupts\u00e4chlich in Verbindung mit hoher und dauerhafter L\u00e4rmbelastung bei der Arbeit verzeichnet. In diesem Bereich hat sich jedoch dank der zunehmenden Sensibilisierung der Betroffenen und der Verwendung von Geh\u00f6rschutz einiges zum [&hellip;]\" \/>\n<meta property=\"og:url\" content=\"https:\/\/www.zelger.it\/de\/wie-schadlich-ist-freizeitlarm\/\" \/>\n<meta property=\"og:site_name\" content=\"Zelger - Ihre H\u00f6rexperten\" \/>\n<meta property=\"article:publisher\" content=\"https:\/\/www.facebook.com\/zelger.it\" \/>\n<meta property=\"article:published_time\" content=\"2023-05-08T15:55:17+00:00\" \/>\n<meta property=\"article:modified_time\" content=\"2023-09-07T10:25:15+00:00\" \/>\n<meta property=\"og:image\" content=\"https:\/\/www.zelger.it\/wp-content\/uploads\/2023\/05\/disco-480x395-1.jpg\" \/>\n\t<meta property=\"og:image:width\" content=\"1170\" \/>\n\t<meta property=\"og:image:height\" content=\"658\" \/>\n\t<meta property=\"og:image:type\" content=\"image\/jpeg\" \/>\n<meta name=\"author\" content=\"Michela\" \/>\n<meta name=\"twitter:card\" content=\"summary_large_image\" \/>\n<meta name=\"twitter:label1\" content=\"Verfasst von\" \/>\n\t<meta name=\"twitter:data1\" content=\"Michela\" \/>\n\t<meta name=\"twitter:label2\" content=\"Gesch\u00e4tzte Lesezeit\" \/>\n\t<meta name=\"twitter:data2\" content=\"2\u00a0Minuten\" \/>\n<script type=\"application\/ld+json\" class=\"yoast-schema-graph\">{\"@context\":\"https:\\\/\\\/schema.org\",\"@graph\":[{\"@type\":\"Article\",\"@id\":\"https:\\\/\\\/www.zelger.it\\\/de\\\/wie-schadlich-ist-freizeitlarm\\\/#article\",\"isPartOf\":{\"@id\":\"https:\\\/\\\/www.zelger.it\\\/de\\\/wie-schadlich-ist-freizeitlarm\\\/\"},\"author\":{\"name\":\"Michela\",\"@id\":\"https:\\\/\\\/www.zelger.it\\\/de\\\/#\\\/schema\\\/person\\\/c3e2cf838120cb622df1cd5cca9609f2\"},\"headline\":\"Wie sch\u00e4dlich ist Freizeitl\u00e4rm?\",\"datePublished\":\"2023-05-08T15:55:17+00:00\",\"dateModified\":\"2023-09-07T10:25:15+00:00\",\"mainEntityOfPage\":{\"@id\":\"https:\\\/\\\/www.zelger.it\\\/de\\\/wie-schadlich-ist-freizeitlarm\\\/\"},\"wordCount\":365,\"publisher\":{\"@id\":\"https:\\\/\\\/www.zelger.it\\\/de\\\/#organization\"},\"image\":{\"@id\":\"https:\\\/\\\/www.zelger.it\\\/de\\\/wie-schadlich-ist-freizeitlarm\\\/#primaryimage\"},\"thumbnailUrl\":\"https:\\\/\\\/www.zelger.it\\\/wp-content\\\/uploads\\\/2023\\\/05\\\/disco-480x395-1.jpg\",\"articleSection\":[\"News\"],\"inLanguage\":\"de\"},{\"@type\":\"WebPage\",\"@id\":\"https:\\\/\\\/www.zelger.it\\\/de\\\/wie-schadlich-ist-freizeitlarm\\\/\",\"url\":\"https:\\\/\\\/www.zelger.it\\\/de\\\/wie-schadlich-ist-freizeitlarm\\\/\",\"name\":\"Wie sch\u00e4dlich ist Freizeitl\u00e4rm? - Zelger - Ihre H\u00f6rexperten\",\"isPartOf\":{\"@id\":\"https:\\\/\\\/www.zelger.it\\\/de\\\/#website\"},\"primaryImageOfPage\":{\"@id\":\"https:\\\/\\\/www.zelger.it\\\/de\\\/wie-schadlich-ist-freizeitlarm\\\/#primaryimage\"},\"image\":{\"@id\":\"https:\\\/\\\/www.zelger.it\\\/de\\\/wie-schadlich-ist-freizeitlarm\\\/#primaryimage\"},\"thumbnailUrl\":\"https:\\\/\\\/www.zelger.it\\\/wp-content\\\/uploads\\\/2023\\\/05\\\/disco-480x395-1.jpg\",\"datePublished\":\"2023-05-08T15:55:17+00:00\",\"dateModified\":\"2023-09-07T10:25:15+00:00\",\"breadcrumb\":{\"@id\":\"https:\\\/\\\/www.zelger.it\\\/de\\\/wie-schadlich-ist-freizeitlarm\\\/#breadcrumb\"},\"inLanguage\":\"de\",\"potentialAction\":[{\"@type\":\"ReadAction\",\"target\":[\"https:\\\/\\\/www.zelger.it\\\/de\\\/wie-schadlich-ist-freizeitlarm\\\/\"]}]},{\"@type\":\"ImageObject\",\"inLanguage\":\"de\",\"@id\":\"https:\\\/\\\/www.zelger.it\\\/de\\\/wie-schadlich-ist-freizeitlarm\\\/#primaryimage\",\"url\":\"https:\\\/\\\/www.zelger.it\\\/wp-content\\\/uploads\\\/2023\\\/05\\\/disco-480x395-1.jpg\",\"contentUrl\":\"https:\\\/\\\/www.zelger.it\\\/wp-content\\\/uploads\\\/2023\\\/05\\\/disco-480x395-1.jpg\",\"width\":1170,\"height\":658},{\"@type\":\"BreadcrumbList\",\"@id\":\"https:\\\/\\\/www.zelger.it\\\/de\\\/wie-schadlich-ist-freizeitlarm\\\/#breadcrumb\",\"itemListElement\":[{\"@type\":\"ListItem\",\"position\":1,\"name\":\"Home\",\"item\":\"https:\\\/\\\/www.zelger.it\\\/de\\\/\"},{\"@type\":\"ListItem\",\"position\":2,\"name\":\"Wie sch\u00e4dlich ist Freizeitl\u00e4rm?\"}]},{\"@type\":\"WebSite\",\"@id\":\"https:\\\/\\\/www.zelger.it\\\/de\\\/#website\",\"url\":\"https:\\\/\\\/www.zelger.it\\\/de\\\/\",\"name\":\"Zelger - Ihre H\u00f6rexperten\",\"description\":\"Apparecchi acustici da Zelger | Esperti dell\u2019udito nel Nord Italia\",\"publisher\":{\"@id\":\"https:\\\/\\\/www.zelger.it\\\/de\\\/#organization\"},\"potentialAction\":[{\"@type\":\"SearchAction\",\"target\":{\"@type\":\"EntryPoint\",\"urlTemplate\":\"https:\\\/\\\/www.zelger.it\\\/de\\\/?s={search_term_string}\"},\"query-input\":{\"@type\":\"PropertyValueSpecification\",\"valueRequired\":true,\"valueName\":\"search_term_string\"}}],\"inLanguage\":\"de\"},{\"@type\":\"Organization\",\"@id\":\"https:\\\/\\\/www.zelger.it\\\/de\\\/#organization\",\"name\":\"Zelger Srl\",\"url\":\"https:\\\/\\\/www.zelger.it\\\/de\\\/\",\"logo\":{\"@type\":\"ImageObject\",\"inLanguage\":\"de\",\"@id\":\"https:\\\/\\\/www.zelger.it\\\/de\\\/#\\\/schema\\\/logo\\\/image\\\/\",\"url\":\"https:\\\/\\\/www.zelger.it\\\/wp-content\\\/uploads\\\/2023\\\/03\\\/Logo_it.svg\",\"contentUrl\":\"https:\\\/\\\/www.zelger.it\\\/wp-content\\\/uploads\\\/2023\\\/03\\\/Logo_it.svg\",\"caption\":\"Zelger Srl\"},\"image\":{\"@id\":\"https:\\\/\\\/www.zelger.it\\\/de\\\/#\\\/schema\\\/logo\\\/image\\\/\"},\"sameAs\":[\"https:\\\/\\\/www.facebook.com\\\/zelger.it\",\"https:\\\/\\\/www.youtube.com\\\/channel\\\/UCElzmntcVyuS8eWah3Ut8GA\"]},{\"@type\":\"Person\",\"@id\":\"https:\\\/\\\/www.zelger.it\\\/de\\\/#\\\/schema\\\/person\\\/c3e2cf838120cb622df1cd5cca9609f2\",\"name\":\"Michela\",\"image\":{\"@type\":\"ImageObject\",\"inLanguage\":\"de\",\"@id\":\"https:\\\/\\\/secure.gravatar.com\\\/avatar\\\/58610bec40f796fcc3113f029b7e5d6f5bdb23826ac28a07f9aced03e821bb28?s=96&d=mm&r=g\",\"url\":\"https:\\\/\\\/secure.gravatar.com\\\/avatar\\\/58610bec40f796fcc3113f029b7e5d6f5bdb23826ac28a07f9aced03e821bb28?s=96&d=mm&r=g\",\"contentUrl\":\"https:\\\/\\\/secure.gravatar.com\\\/avatar\\\/58610bec40f796fcc3113f029b7e5d6f5bdb23826ac28a07f9aced03e821bb28?s=96&d=mm&r=g\",\"caption\":\"Michela\"}}]}<\/script>\n<!-- \/ Yoast SEO plugin. -->","yoast_head_json":{"title":"Wie sch\u00e4dlich ist Freizeitl\u00e4rm? - Zelger - Ihre H\u00f6rexperten","robots":{"index":"index","follow":"follow","max-snippet":"max-snippet:-1","max-image-preview":"max-image-preview:large","max-video-preview":"max-video-preview:-1"},"canonical":"https:\/\/www.zelger.it\/de\/wie-schadlich-ist-freizeitlarm\/","og_locale":"de_DE","og_type":"article","og_title":"Wie sch\u00e4dlich ist Freizeitl\u00e4rm? - Zelger - Ihre H\u00f6rexperten","og_description":"In vielen Studien wurde inzwischen nachgewiesen, dass L\u00e4rm die Gesundheit gef\u00e4hrdet und zu den Hauptursachen f\u00fcr H\u00f6rverlust geh\u00f6rt. Bisher wurden F\u00e4lle von L\u00e4rmschwerh\u00f6rigkeit allerdings haupts\u00e4chlich in Verbindung mit hoher und dauerhafter L\u00e4rmbelastung bei der Arbeit verzeichnet. In diesem Bereich hat sich jedoch dank der zunehmenden Sensibilisierung der Betroffenen und der Verwendung von Geh\u00f6rschutz einiges zum [&hellip;]","og_url":"https:\/\/www.zelger.it\/de\/wie-schadlich-ist-freizeitlarm\/","og_site_name":"Zelger - Ihre H\u00f6rexperten","article_publisher":"https:\/\/www.facebook.com\/zelger.it","article_published_time":"2023-05-08T15:55:17+00:00","article_modified_time":"2023-09-07T10:25:15+00:00","og_image":[{"width":1170,"height":658,"url":"https:\/\/www.zelger.it\/wp-content\/uploads\/2023\/05\/disco-480x395-1.jpg","type":"image\/jpeg"}],"author":"Michela","twitter_card":"summary_large_image","twitter_misc":{"Verfasst von":"Michela","Gesch\u00e4tzte Lesezeit":"2\u00a0Minuten"},"schema":{"@context":"https:\/\/schema.org","@graph":[{"@type":"Article","@id":"https:\/\/www.zelger.it\/de\/wie-schadlich-ist-freizeitlarm\/#article","isPartOf":{"@id":"https:\/\/www.zelger.it\/de\/wie-schadlich-ist-freizeitlarm\/"},"author":{"name":"Michela","@id":"https:\/\/www.zelger.it\/de\/#\/schema\/person\/c3e2cf838120cb622df1cd5cca9609f2"},"headline":"Wie sch\u00e4dlich ist Freizeitl\u00e4rm?","datePublished":"2023-05-08T15:55:17+00:00","dateModified":"2023-09-07T10:25:15+00:00","mainEntityOfPage":{"@id":"https:\/\/www.zelger.it\/de\/wie-schadlich-ist-freizeitlarm\/"},"wordCount":365,"publisher":{"@id":"https:\/\/www.zelger.it\/de\/#organization"},"image":{"@id":"https:\/\/www.zelger.it\/de\/wie-schadlich-ist-freizeitlarm\/#primaryimage"},"thumbnailUrl":"https:\/\/www.zelger.it\/wp-content\/uploads\/2023\/05\/disco-480x395-1.jpg","articleSection":["News"],"inLanguage":"de"},{"@type":"WebPage","@id":"https:\/\/www.zelger.it\/de\/wie-schadlich-ist-freizeitlarm\/","url":"https:\/\/www.zelger.it\/de\/wie-schadlich-ist-freizeitlarm\/","name":"Wie sch\u00e4dlich ist Freizeitl\u00e4rm? - Zelger - Ihre H\u00f6rexperten","isPartOf":{"@id":"https:\/\/www.zelger.it\/de\/#website"},"primaryImageOfPage":{"@id":"https:\/\/www.zelger.it\/de\/wie-schadlich-ist-freizeitlarm\/#primaryimage"},"image":{"@id":"https:\/\/www.zelger.it\/de\/wie-schadlich-ist-freizeitlarm\/#primaryimage"},"thumbnailUrl":"https:\/\/www.zelger.it\/wp-content\/uploads\/2023\/05\/disco-480x395-1.jpg","datePublished":"2023-05-08T15:55:17+00:00","dateModified":"2023-09-07T10:25:15+00:00","breadcrumb":{"@id":"https:\/\/www.zelger.it\/de\/wie-schadlich-ist-freizeitlarm\/#breadcrumb"},"inLanguage":"de","potentialAction":[{"@type":"ReadAction","target":["https:\/\/www.zelger.it\/de\/wie-schadlich-ist-freizeitlarm\/"]}]},{"@type":"ImageObject","inLanguage":"de","@id":"https:\/\/www.zelger.it\/de\/wie-schadlich-ist-freizeitlarm\/#primaryimage","url":"https:\/\/www.zelger.it\/wp-content\/uploads\/2023\/05\/disco-480x395-1.jpg","contentUrl":"https:\/\/www.zelger.it\/wp-content\/uploads\/2023\/05\/disco-480x395-1.jpg","width":1170,"height":658},{"@type":"BreadcrumbList","@id":"https:\/\/www.zelger.it\/de\/wie-schadlich-ist-freizeitlarm\/#breadcrumb","itemListElement":[{"@type":"ListItem","position":1,"name":"Home","item":"https:\/\/www.zelger.it\/de\/"},{"@type":"ListItem","position":2,"name":"Wie sch\u00e4dlich ist Freizeitl\u00e4rm?"}]},{"@type":"WebSite","@id":"https:\/\/www.zelger.it\/de\/#website","url":"https:\/\/www.zelger.it\/de\/","name":"Zelger - Ihre H\u00f6rexperten","description":"Apparecchi acustici da Zelger | Esperti dell\u2019udito nel Nord Italia","publisher":{"@id":"https:\/\/www.zelger.it\/de\/#organization"},"potentialAction":[{"@type":"SearchAction","target":{"@type":"EntryPoint","urlTemplate":"https:\/\/www.zelger.it\/de\/?s={search_term_string}"},"query-input":{"@type":"PropertyValueSpecification","valueRequired":true,"valueName":"search_term_string"}}],"inLanguage":"de"},{"@type":"Organization","@id":"https:\/\/www.zelger.it\/de\/#organization","name":"Zelger Srl","url":"https:\/\/www.zelger.it\/de\/","logo":{"@type":"ImageObject","inLanguage":"de","@id":"https:\/\/www.zelger.it\/de\/#\/schema\/logo\/image\/","url":"https:\/\/www.zelger.it\/wp-content\/uploads\/2023\/03\/Logo_it.svg","contentUrl":"https:\/\/www.zelger.it\/wp-content\/uploads\/2023\/03\/Logo_it.svg","caption":"Zelger Srl"},"image":{"@id":"https:\/\/www.zelger.it\/de\/#\/schema\/logo\/image\/"},"sameAs":["https:\/\/www.facebook.com\/zelger.it","https:\/\/www.youtube.com\/channel\/UCElzmntcVyuS8eWah3Ut8GA"]},{"@type":"Person","@id":"https:\/\/www.zelger.it\/de\/#\/schema\/person\/c3e2cf838120cb622df1cd5cca9609f2","name":"Michela","image":{"@type":"ImageObject","inLanguage":"de","@id":"https:\/\/secure.gravatar.com\/avatar\/58610bec40f796fcc3113f029b7e5d6f5bdb23826ac28a07f9aced03e821bb28?s=96&d=mm&r=g","url":"https:\/\/secure.gravatar.com\/avatar\/58610bec40f796fcc3113f029b7e5d6f5bdb23826ac28a07f9aced03e821bb28?s=96&d=mm&r=g","contentUrl":"https:\/\/secure.gravatar.com\/avatar\/58610bec40f796fcc3113f029b7e5d6f5bdb23826ac28a07f9aced03e821bb28?s=96&d=mm&r=g","caption":"Michela"}}]}},"_links":{"self":[{"href":"https:\/\/www.zelger.it\/de\/wp-json\/wp\/v2\/posts\/4692","targetHints":{"allow":["GET"]}}],"collection":[{"href":"https:\/\/www.zelger.it\/de\/wp-json\/wp\/v2\/posts"}],"about":[{"href":"https:\/\/www.zelger.it\/de\/wp-json\/wp\/v2\/types\/post"}],"author":[{"embeddable":true,"href":"https:\/\/www.zelger.it\/de\/wp-json\/wp\/v2\/users\/2"}],"replies":[{"embeddable":true,"href":"https:\/\/www.zelger.it\/de\/wp-json\/wp\/v2\/comments?post=4692"}],"version-history":[{"count":0,"href":"https:\/\/www.zelger.it\/de\/wp-json\/wp\/v2\/posts\/4692\/revisions"}],"wp:featuredmedia":[{"embeddable":true,"href":"https:\/\/www.zelger.it\/de\/wp-json\/wp\/v2\/media\/4328"}],"wp:attachment":[{"href":"https:\/\/www.zelger.it\/de\/wp-json\/wp\/v2\/media?parent=4692"}],"wp:term":[{"taxonomy":"category","embeddable":true,"href":"https:\/\/www.zelger.it\/de\/wp-json\/wp\/v2\/categories?post=4692"},{"taxonomy":"post_tag","embeddable":true,"href":"https:\/\/www.zelger.it\/de\/wp-json\/wp\/v2\/tags?post=4692"}],"curies":[{"name":"wp","href":"https:\/\/api.w.org\/{rel}","templated":true}]}}