{"id":4673,"date":"2023-05-08T18:28:17","date_gmt":"2023-05-08T16:28:17","guid":{"rendered":"https:\/\/zelger.it\/far-nascere-linteresse-nella-nostra-professione\/"},"modified":"2023-09-07T12:08:56","modified_gmt":"2023-09-07T10:08:56","slug":"interesse-fur-den-beruf-des-horakustikers-geweckt","status":"publish","type":"post","link":"https:\/\/www.zelger.it\/de\/interesse-fur-den-beruf-des-horakustikers-geweckt\/","title":{"rendered":"Interesse f\u00fcr den Beruf des H\u00f6rakustikers geweckt"},"content":{"rendered":"\n<p>Patrizia besucht das Sozialwissenschaftliche Gymnasium in Bruneck.&nbsp;Im Rahmen einer Berufs-Orientierungswoche, die an der&nbsp; Schule angeboten wurde, ist sie auf Zelger H\u00f6rexperten gesto\u00dfen.<br><br>\u201eAnl\u00e4sslich der Orientierungswoche&nbsp;besuchten wir den Elternverband h\u00f6rgesch\u00e4digter Kinder in Bozen. Dort war eine <strong>H\u00f6rexpertin von Zelger<\/strong> anwesend, die Einblick in den Beruf des H\u00f6rakustikers gab. Die Arbeit mit h\u00f6rgesch\u00e4digten Kindern, Jugendlichen und Erwachsenen hat mich sofort interessiert, weshalb ich mich f\u00fcr ein Praktikum bei Zelger H\u00f6rexperten entschieden habe. Ich durfte sehr <strong>viel selbst ausprobieren<\/strong> und wurde auch in den direkten Kundenkontakt mit einbezogen. An der Firma Zelger gef\u00e4llt mir neben der <strong>Professionalit\u00e4t<\/strong> vor allem die <strong>Freundlichkeit <\/strong>gegen\u00fcber dem Kunden. Ich hatte das Gef\u00fchl, dass sich die <strong>Kunden sehr wohlf\u00fchlten<\/strong> und zuvorkommend behandelt wurden.\u201c, erz\u00e4hlt Patrizia, die sich, wie sie sagt, nicht zuletzt aufgrund ihres Praktikums bei Zelger f\u00fcr das H\u00f6rakustiker-Studium entscheiden wird.<br><br>Wir freuen uns, dass Patrizia durch das Praktikum in ihrer Entscheidung bekr\u00e4ftigt wurde. Seit jeher unterst\u00fctzen wir Menschen, die eine Ausbildung zur Aus\u00fcbung unseres Berufes machen wollen.&nbsp;<\/p>\n","protected":false},"excerpt":{"rendered":"<p>Patrizia besucht das Sozialwissenschaftliche Gymnasium in Bruneck.&nbsp;Im Rahmen einer Berufs-Orientierungswoche, die an der&nbsp; Schule angeboten wurde, ist sie auf Zelger H\u00f6rexperten gesto\u00dfen. \u201eAnl\u00e4sslich der Orientierungswoche&nbsp;besuchten wir den Elternverband h\u00f6rgesch\u00e4digter Kinder in Bozen. Dort war eine H\u00f6rexpertin von Zelger anwesend, die Einblick in den Beruf des H\u00f6rakustikers gab. Die Arbeit mit h\u00f6rgesch\u00e4digten Kindern, Jugendlichen und Erwachsenen [&hellip;]<\/p>\n","protected":false},"author":2,"featured_media":4335,"comment_status":"closed","ping_status":"closed","sticky":false,"template":"","format":"standard","meta":{"site-sidebar-layout":"default","site-content-layout":"","ast-site-content-layout":"default","site-content-style":"default","site-sidebar-style":"default","ast-global-header-display":"","ast-banner-title-visibility":"","ast-main-header-display":"","ast-hfb-above-header-display":"","ast-hfb-below-header-display":"","ast-hfb-mobile-header-display":"","site-post-title":"","ast-breadcrumbs-content":"","ast-featured-img":"","footer-sml-layout":"","ast-disable-related-posts":"","theme-transparent-header-meta":"","adv-header-id-meta":"","stick-header-meta":"","header-above-stick-meta":"","header-main-stick-meta":"","header-below-stick-meta":"","astra-migrate-meta-layouts":"set","ast-page-background-enabled":"default","ast-page-background-meta":{"desktop":{"background-color":"var(--ast-global-color-4)","background-image":"","background-repeat":"repeat","background-position":"center center","background-size":"auto","background-attachment":"scroll","background-type":"","background-media":"","overlay-type":"","overlay-color":"","overlay-opacity":"","overlay-gradient":""},"tablet":{"background-color":"","background-image":"","background-repeat":"repeat","background-position":"center center","background-size":"auto","background-attachment":"scroll","background-type":"","background-media":"","overlay-type":"","overlay-color":"","overlay-opacity":"","overlay-gradient":""},"mobile":{"background-color":"","background-image":"","background-repeat":"repeat","background-position":"center center","background-size":"auto","background-attachment":"scroll","background-type":"","background-media":"","overlay-type":"","overlay-color":"","overlay-opacity":"","overlay-gradient":""}},"ast-content-background-meta":{"desktop":{"background-color":"var(--ast-global-color-5)","background-image":"","background-repeat":"repeat","background-position":"center center","background-size":"auto","background-attachment":"scroll","background-type":"","background-media":"","overlay-type":"","overlay-color":"","overlay-opacity":"","overlay-gradient":""},"tablet":{"background-color":"var(--ast-global-color-5)","background-image":"","background-repeat":"repeat","background-position":"center center","background-size":"auto","background-attachment":"scroll","background-type":"","background-media":"","overlay-type":"","overlay-color":"","overlay-opacity":"","overlay-gradient":""},"mobile":{"background-color":"var(--ast-global-color-5)","background-image":"","background-repeat":"repeat","background-position":"center center","background-size":"auto","background-attachment":"scroll","background-type":"","background-media":"","overlay-type":"","overlay-color":"","overlay-opacity":"","overlay-gradient":""}},"footnotes":""},"categories":[43],"tags":[],"class_list":["post-4673","post","type-post","status-publish","format-standard","has-post-thumbnail","hentry","category-news-de"],"yoast_head":"<!-- This site is optimized with the Yoast SEO plugin v27.4 - https:\/\/yoast.com\/product\/yoast-seo-wordpress\/ -->\n<title>Interesse f\u00fcr den Beruf des H\u00f6rakustikers geweckt - Zelger - Ihre H\u00f6rexperten<\/title>\n<meta name=\"robots\" content=\"index, follow, max-snippet:-1, max-image-preview:large, max-video-preview:-1\" \/>\n<link rel=\"canonical\" href=\"https:\/\/www.zelger.it\/de\/interesse-fur-den-beruf-des-horakustikers-geweckt\/\" \/>\n<meta property=\"og:locale\" content=\"de_DE\" \/>\n<meta property=\"og:type\" content=\"article\" \/>\n<meta property=\"og:title\" content=\"Interesse f\u00fcr den Beruf des H\u00f6rakustikers geweckt - Zelger - Ihre H\u00f6rexperten\" \/>\n<meta property=\"og:description\" content=\"Patrizia besucht das Sozialwissenschaftliche Gymnasium in Bruneck.&nbsp;Im Rahmen einer Berufs-Orientierungswoche, die an der&nbsp; Schule angeboten wurde, ist sie auf Zelger H\u00f6rexperten gesto\u00dfen. \u201eAnl\u00e4sslich der Orientierungswoche&nbsp;besuchten wir den Elternverband h\u00f6rgesch\u00e4digter Kinder in Bozen. Dort war eine H\u00f6rexpertin von Zelger anwesend, die Einblick in den Beruf des H\u00f6rakustikers gab. Die Arbeit mit h\u00f6rgesch\u00e4digten Kindern, Jugendlichen und Erwachsenen [&hellip;]\" \/>\n<meta property=\"og:url\" content=\"https:\/\/www.zelger.it\/de\/interesse-fur-den-beruf-des-horakustikers-geweckt\/\" \/>\n<meta property=\"og:site_name\" content=\"Zelger - Ihre H\u00f6rexperten\" \/>\n<meta property=\"article:publisher\" content=\"https:\/\/www.facebook.com\/zelger.it\" \/>\n<meta property=\"article:published_time\" content=\"2023-05-08T16:28:17+00:00\" \/>\n<meta property=\"article:modified_time\" content=\"2023-09-07T10:08:56+00:00\" \/>\n<meta property=\"og:image\" content=\"https:\/\/www.zelger.it\/wp-content\/uploads\/2023\/05\/patrizia-brugger-480x370-1.jpg\" \/>\n\t<meta property=\"og:image:width\" content=\"370\" \/>\n\t<meta property=\"og:image:height\" content=\"370\" \/>\n\t<meta property=\"og:image:type\" content=\"image\/jpeg\" \/>\n<meta name=\"author\" content=\"Michela\" \/>\n<meta name=\"twitter:card\" content=\"summary_large_image\" \/>\n<meta name=\"twitter:label1\" content=\"Verfasst von\" \/>\n\t<meta name=\"twitter:data1\" content=\"Michela\" \/>\n\t<meta name=\"twitter:label2\" content=\"Gesch\u00e4tzte Lesezeit\" \/>\n\t<meta name=\"twitter:data2\" content=\"1\u00a0Minute\" \/>\n<script type=\"application\/ld+json\" class=\"yoast-schema-graph\">{\"@context\":\"https:\\\/\\\/schema.org\",\"@graph\":[{\"@type\":\"Article\",\"@id\":\"https:\\\/\\\/www.zelger.it\\\/de\\\/interesse-fur-den-beruf-des-horakustikers-geweckt\\\/#article\",\"isPartOf\":{\"@id\":\"https:\\\/\\\/www.zelger.it\\\/de\\\/interesse-fur-den-beruf-des-horakustikers-geweckt\\\/\"},\"author\":{\"name\":\"Michela\",\"@id\":\"https:\\\/\\\/www.zelger.it\\\/de\\\/#\\\/schema\\\/person\\\/c3e2cf838120cb622df1cd5cca9609f2\"},\"headline\":\"Interesse f\u00fcr den Beruf des H\u00f6rakustikers geweckt\",\"datePublished\":\"2023-05-08T16:28:17+00:00\",\"dateModified\":\"2023-09-07T10:08:56+00:00\",\"mainEntityOfPage\":{\"@id\":\"https:\\\/\\\/www.zelger.it\\\/de\\\/interesse-fur-den-beruf-des-horakustikers-geweckt\\\/\"},\"wordCount\":198,\"publisher\":{\"@id\":\"https:\\\/\\\/www.zelger.it\\\/de\\\/#organization\"},\"image\":{\"@id\":\"https:\\\/\\\/www.zelger.it\\\/de\\\/interesse-fur-den-beruf-des-horakustikers-geweckt\\\/#primaryimage\"},\"thumbnailUrl\":\"https:\\\/\\\/www.zelger.it\\\/wp-content\\\/uploads\\\/2023\\\/05\\\/patrizia-brugger-480x370-1.jpg\",\"articleSection\":[\"News\"],\"inLanguage\":\"de\"},{\"@type\":\"WebPage\",\"@id\":\"https:\\\/\\\/www.zelger.it\\\/de\\\/interesse-fur-den-beruf-des-horakustikers-geweckt\\\/\",\"url\":\"https:\\\/\\\/www.zelger.it\\\/de\\\/interesse-fur-den-beruf-des-horakustikers-geweckt\\\/\",\"name\":\"Interesse f\u00fcr den Beruf des H\u00f6rakustikers geweckt - Zelger - Ihre H\u00f6rexperten\",\"isPartOf\":{\"@id\":\"https:\\\/\\\/www.zelger.it\\\/de\\\/#website\"},\"primaryImageOfPage\":{\"@id\":\"https:\\\/\\\/www.zelger.it\\\/de\\\/interesse-fur-den-beruf-des-horakustikers-geweckt\\\/#primaryimage\"},\"image\":{\"@id\":\"https:\\\/\\\/www.zelger.it\\\/de\\\/interesse-fur-den-beruf-des-horakustikers-geweckt\\\/#primaryimage\"},\"thumbnailUrl\":\"https:\\\/\\\/www.zelger.it\\\/wp-content\\\/uploads\\\/2023\\\/05\\\/patrizia-brugger-480x370-1.jpg\",\"datePublished\":\"2023-05-08T16:28:17+00:00\",\"dateModified\":\"2023-09-07T10:08:56+00:00\",\"breadcrumb\":{\"@id\":\"https:\\\/\\\/www.zelger.it\\\/de\\\/interesse-fur-den-beruf-des-horakustikers-geweckt\\\/#breadcrumb\"},\"inLanguage\":\"de\",\"potentialAction\":[{\"@type\":\"ReadAction\",\"target\":[\"https:\\\/\\\/www.zelger.it\\\/de\\\/interesse-fur-den-beruf-des-horakustikers-geweckt\\\/\"]}]},{\"@type\":\"ImageObject\",\"inLanguage\":\"de\",\"@id\":\"https:\\\/\\\/www.zelger.it\\\/de\\\/interesse-fur-den-beruf-des-horakustikers-geweckt\\\/#primaryimage\",\"url\":\"https:\\\/\\\/www.zelger.it\\\/wp-content\\\/uploads\\\/2023\\\/05\\\/patrizia-brugger-480x370-1.jpg\",\"contentUrl\":\"https:\\\/\\\/www.zelger.it\\\/wp-content\\\/uploads\\\/2023\\\/05\\\/patrizia-brugger-480x370-1.jpg\",\"width\":370,\"height\":370},{\"@type\":\"BreadcrumbList\",\"@id\":\"https:\\\/\\\/www.zelger.it\\\/de\\\/interesse-fur-den-beruf-des-horakustikers-geweckt\\\/#breadcrumb\",\"itemListElement\":[{\"@type\":\"ListItem\",\"position\":1,\"name\":\"Home\",\"item\":\"https:\\\/\\\/www.zelger.it\\\/de\\\/\"},{\"@type\":\"ListItem\",\"position\":2,\"name\":\"Interesse f\u00fcr den Beruf des H\u00f6rakustikers geweckt\"}]},{\"@type\":\"WebSite\",\"@id\":\"https:\\\/\\\/www.zelger.it\\\/de\\\/#website\",\"url\":\"https:\\\/\\\/www.zelger.it\\\/de\\\/\",\"name\":\"Zelger - Ihre H\u00f6rexperten\",\"description\":\"Apparecchi acustici da Zelger | Esperti dell\u2019udito nel Nord Italia\",\"publisher\":{\"@id\":\"https:\\\/\\\/www.zelger.it\\\/de\\\/#organization\"},\"potentialAction\":[{\"@type\":\"SearchAction\",\"target\":{\"@type\":\"EntryPoint\",\"urlTemplate\":\"https:\\\/\\\/www.zelger.it\\\/de\\\/?s={search_term_string}\"},\"query-input\":{\"@type\":\"PropertyValueSpecification\",\"valueRequired\":true,\"valueName\":\"search_term_string\"}}],\"inLanguage\":\"de\"},{\"@type\":\"Organization\",\"@id\":\"https:\\\/\\\/www.zelger.it\\\/de\\\/#organization\",\"name\":\"Zelger Srl\",\"url\":\"https:\\\/\\\/www.zelger.it\\\/de\\\/\",\"logo\":{\"@type\":\"ImageObject\",\"inLanguage\":\"de\",\"@id\":\"https:\\\/\\\/www.zelger.it\\\/de\\\/#\\\/schema\\\/logo\\\/image\\\/\",\"url\":\"https:\\\/\\\/www.zelger.it\\\/wp-content\\\/uploads\\\/2023\\\/03\\\/Logo_it.svg\",\"contentUrl\":\"https:\\\/\\\/www.zelger.it\\\/wp-content\\\/uploads\\\/2023\\\/03\\\/Logo_it.svg\",\"caption\":\"Zelger Srl\"},\"image\":{\"@id\":\"https:\\\/\\\/www.zelger.it\\\/de\\\/#\\\/schema\\\/logo\\\/image\\\/\"},\"sameAs\":[\"https:\\\/\\\/www.facebook.com\\\/zelger.it\",\"https:\\\/\\\/www.youtube.com\\\/channel\\\/UCElzmntcVyuS8eWah3Ut8GA\"]},{\"@type\":\"Person\",\"@id\":\"https:\\\/\\\/www.zelger.it\\\/de\\\/#\\\/schema\\\/person\\\/c3e2cf838120cb622df1cd5cca9609f2\",\"name\":\"Michela\",\"image\":{\"@type\":\"ImageObject\",\"inLanguage\":\"de\",\"@id\":\"https:\\\/\\\/secure.gravatar.com\\\/avatar\\\/58610bec40f796fcc3113f029b7e5d6f5bdb23826ac28a07f9aced03e821bb28?s=96&d=mm&r=g\",\"url\":\"https:\\\/\\\/secure.gravatar.com\\\/avatar\\\/58610bec40f796fcc3113f029b7e5d6f5bdb23826ac28a07f9aced03e821bb28?s=96&d=mm&r=g\",\"contentUrl\":\"https:\\\/\\\/secure.gravatar.com\\\/avatar\\\/58610bec40f796fcc3113f029b7e5d6f5bdb23826ac28a07f9aced03e821bb28?s=96&d=mm&r=g\",\"caption\":\"Michela\"}}]}<\/script>\n<!-- \/ Yoast SEO plugin. -->","yoast_head_json":{"title":"Interesse f\u00fcr den Beruf des H\u00f6rakustikers geweckt - Zelger - Ihre H\u00f6rexperten","robots":{"index":"index","follow":"follow","max-snippet":"max-snippet:-1","max-image-preview":"max-image-preview:large","max-video-preview":"max-video-preview:-1"},"canonical":"https:\/\/www.zelger.it\/de\/interesse-fur-den-beruf-des-horakustikers-geweckt\/","og_locale":"de_DE","og_type":"article","og_title":"Interesse f\u00fcr den Beruf des H\u00f6rakustikers geweckt - Zelger - Ihre H\u00f6rexperten","og_description":"Patrizia besucht das Sozialwissenschaftliche Gymnasium in Bruneck.&nbsp;Im Rahmen einer Berufs-Orientierungswoche, die an der&nbsp; Schule angeboten wurde, ist sie auf Zelger H\u00f6rexperten gesto\u00dfen. \u201eAnl\u00e4sslich der Orientierungswoche&nbsp;besuchten wir den Elternverband h\u00f6rgesch\u00e4digter Kinder in Bozen. Dort war eine H\u00f6rexpertin von Zelger anwesend, die Einblick in den Beruf des H\u00f6rakustikers gab. Die Arbeit mit h\u00f6rgesch\u00e4digten Kindern, Jugendlichen und Erwachsenen [&hellip;]","og_url":"https:\/\/www.zelger.it\/de\/interesse-fur-den-beruf-des-horakustikers-geweckt\/","og_site_name":"Zelger - Ihre H\u00f6rexperten","article_publisher":"https:\/\/www.facebook.com\/zelger.it","article_published_time":"2023-05-08T16:28:17+00:00","article_modified_time":"2023-09-07T10:08:56+00:00","og_image":[{"width":370,"height":370,"url":"https:\/\/www.zelger.it\/wp-content\/uploads\/2023\/05\/patrizia-brugger-480x370-1.jpg","type":"image\/jpeg"}],"author":"Michela","twitter_card":"summary_large_image","twitter_misc":{"Verfasst von":"Michela","Gesch\u00e4tzte Lesezeit":"1\u00a0Minute"},"schema":{"@context":"https:\/\/schema.org","@graph":[{"@type":"Article","@id":"https:\/\/www.zelger.it\/de\/interesse-fur-den-beruf-des-horakustikers-geweckt\/#article","isPartOf":{"@id":"https:\/\/www.zelger.it\/de\/interesse-fur-den-beruf-des-horakustikers-geweckt\/"},"author":{"name":"Michela","@id":"https:\/\/www.zelger.it\/de\/#\/schema\/person\/c3e2cf838120cb622df1cd5cca9609f2"},"headline":"Interesse f\u00fcr den Beruf des H\u00f6rakustikers geweckt","datePublished":"2023-05-08T16:28:17+00:00","dateModified":"2023-09-07T10:08:56+00:00","mainEntityOfPage":{"@id":"https:\/\/www.zelger.it\/de\/interesse-fur-den-beruf-des-horakustikers-geweckt\/"},"wordCount":198,"publisher":{"@id":"https:\/\/www.zelger.it\/de\/#organization"},"image":{"@id":"https:\/\/www.zelger.it\/de\/interesse-fur-den-beruf-des-horakustikers-geweckt\/#primaryimage"},"thumbnailUrl":"https:\/\/www.zelger.it\/wp-content\/uploads\/2023\/05\/patrizia-brugger-480x370-1.jpg","articleSection":["News"],"inLanguage":"de"},{"@type":"WebPage","@id":"https:\/\/www.zelger.it\/de\/interesse-fur-den-beruf-des-horakustikers-geweckt\/","url":"https:\/\/www.zelger.it\/de\/interesse-fur-den-beruf-des-horakustikers-geweckt\/","name":"Interesse f\u00fcr den Beruf des H\u00f6rakustikers geweckt - Zelger - Ihre H\u00f6rexperten","isPartOf":{"@id":"https:\/\/www.zelger.it\/de\/#website"},"primaryImageOfPage":{"@id":"https:\/\/www.zelger.it\/de\/interesse-fur-den-beruf-des-horakustikers-geweckt\/#primaryimage"},"image":{"@id":"https:\/\/www.zelger.it\/de\/interesse-fur-den-beruf-des-horakustikers-geweckt\/#primaryimage"},"thumbnailUrl":"https:\/\/www.zelger.it\/wp-content\/uploads\/2023\/05\/patrizia-brugger-480x370-1.jpg","datePublished":"2023-05-08T16:28:17+00:00","dateModified":"2023-09-07T10:08:56+00:00","breadcrumb":{"@id":"https:\/\/www.zelger.it\/de\/interesse-fur-den-beruf-des-horakustikers-geweckt\/#breadcrumb"},"inLanguage":"de","potentialAction":[{"@type":"ReadAction","target":["https:\/\/www.zelger.it\/de\/interesse-fur-den-beruf-des-horakustikers-geweckt\/"]}]},{"@type":"ImageObject","inLanguage":"de","@id":"https:\/\/www.zelger.it\/de\/interesse-fur-den-beruf-des-horakustikers-geweckt\/#primaryimage","url":"https:\/\/www.zelger.it\/wp-content\/uploads\/2023\/05\/patrizia-brugger-480x370-1.jpg","contentUrl":"https:\/\/www.zelger.it\/wp-content\/uploads\/2023\/05\/patrizia-brugger-480x370-1.jpg","width":370,"height":370},{"@type":"BreadcrumbList","@id":"https:\/\/www.zelger.it\/de\/interesse-fur-den-beruf-des-horakustikers-geweckt\/#breadcrumb","itemListElement":[{"@type":"ListItem","position":1,"name":"Home","item":"https:\/\/www.zelger.it\/de\/"},{"@type":"ListItem","position":2,"name":"Interesse f\u00fcr den Beruf des H\u00f6rakustikers geweckt"}]},{"@type":"WebSite","@id":"https:\/\/www.zelger.it\/de\/#website","url":"https:\/\/www.zelger.it\/de\/","name":"Zelger - Ihre H\u00f6rexperten","description":"Apparecchi acustici da Zelger | Esperti dell\u2019udito nel Nord Italia","publisher":{"@id":"https:\/\/www.zelger.it\/de\/#organization"},"potentialAction":[{"@type":"SearchAction","target":{"@type":"EntryPoint","urlTemplate":"https:\/\/www.zelger.it\/de\/?s={search_term_string}"},"query-input":{"@type":"PropertyValueSpecification","valueRequired":true,"valueName":"search_term_string"}}],"inLanguage":"de"},{"@type":"Organization","@id":"https:\/\/www.zelger.it\/de\/#organization","name":"Zelger Srl","url":"https:\/\/www.zelger.it\/de\/","logo":{"@type":"ImageObject","inLanguage":"de","@id":"https:\/\/www.zelger.it\/de\/#\/schema\/logo\/image\/","url":"https:\/\/www.zelger.it\/wp-content\/uploads\/2023\/03\/Logo_it.svg","contentUrl":"https:\/\/www.zelger.it\/wp-content\/uploads\/2023\/03\/Logo_it.svg","caption":"Zelger Srl"},"image":{"@id":"https:\/\/www.zelger.it\/de\/#\/schema\/logo\/image\/"},"sameAs":["https:\/\/www.facebook.com\/zelger.it","https:\/\/www.youtube.com\/channel\/UCElzmntcVyuS8eWah3Ut8GA"]},{"@type":"Person","@id":"https:\/\/www.zelger.it\/de\/#\/schema\/person\/c3e2cf838120cb622df1cd5cca9609f2","name":"Michela","image":{"@type":"ImageObject","inLanguage":"de","@id":"https:\/\/secure.gravatar.com\/avatar\/58610bec40f796fcc3113f029b7e5d6f5bdb23826ac28a07f9aced03e821bb28?s=96&d=mm&r=g","url":"https:\/\/secure.gravatar.com\/avatar\/58610bec40f796fcc3113f029b7e5d6f5bdb23826ac28a07f9aced03e821bb28?s=96&d=mm&r=g","contentUrl":"https:\/\/secure.gravatar.com\/avatar\/58610bec40f796fcc3113f029b7e5d6f5bdb23826ac28a07f9aced03e821bb28?s=96&d=mm&r=g","caption":"Michela"}}]}},"_links":{"self":[{"href":"https:\/\/www.zelger.it\/de\/wp-json\/wp\/v2\/posts\/4673","targetHints":{"allow":["GET"]}}],"collection":[{"href":"https:\/\/www.zelger.it\/de\/wp-json\/wp\/v2\/posts"}],"about":[{"href":"https:\/\/www.zelger.it\/de\/wp-json\/wp\/v2\/types\/post"}],"author":[{"embeddable":true,"href":"https:\/\/www.zelger.it\/de\/wp-json\/wp\/v2\/users\/2"}],"replies":[{"embeddable":true,"href":"https:\/\/www.zelger.it\/de\/wp-json\/wp\/v2\/comments?post=4673"}],"version-history":[{"count":0,"href":"https:\/\/www.zelger.it\/de\/wp-json\/wp\/v2\/posts\/4673\/revisions"}],"wp:featuredmedia":[{"embeddable":true,"href":"https:\/\/www.zelger.it\/de\/wp-json\/wp\/v2\/media\/4335"}],"wp:attachment":[{"href":"https:\/\/www.zelger.it\/de\/wp-json\/wp\/v2\/media?parent=4673"}],"wp:term":[{"taxonomy":"category","embeddable":true,"href":"https:\/\/www.zelger.it\/de\/wp-json\/wp\/v2\/categories?post=4673"},{"taxonomy":"post_tag","embeddable":true,"href":"https:\/\/www.zelger.it\/de\/wp-json\/wp\/v2\/tags?post=4673"}],"curies":[{"name":"wp","href":"https:\/\/api.w.org\/{rel}","templated":true}]}}