{"id":4671,"date":"2023-05-08T18:32:09","date_gmt":"2023-05-08T16:32:09","guid":{"rendered":"https:\/\/zelger.it\/giornata-mondiale-delludito\/"},"modified":"2023-09-07T12:05:02","modified_gmt":"2023-09-07T10:05:02","slug":"zum-welttag-des-horens-horgesundheit-fur-alle","status":"publish","type":"post","link":"https:\/\/www.zelger.it\/de\/zum-welttag-des-horens-horgesundheit-fur-alle\/","title":{"rendered":"Zum Welttag des H\u00f6rens: H\u00f6rgesundheit f\u00fcr alle!"},"content":{"rendered":"\n<p>Es ist ein Aufruf an alle Menschen, ihr <strong>H\u00f6rverm\u00f6gen regelm\u00e4\u00dfig \u00fcberpr\u00fcfen<\/strong> und sich bei vorliegendem H\u00f6rverlust m\u00f6glichst bald versorgen zu lassen. Denn die Auswirkungen einer unversorgten H\u00f6rminderung gehen \u00fcber eine <strong>Einschr\u00e4nkung beim H\u00f6ren und Verstehen<\/strong> und damit in der <strong>Kommunikationsf\u00e4higkeit<\/strong> und sozialen Teilhabe hinaus. Gutes H\u00f6ren ist Voraussetzung f\u00fcr unser Sicherheitsempfinden und unsere Orientierungsf\u00e4higkeit und wirkt sich sogar auf unsere <strong>k\u00f6rperliche und geistige Gesundheit<\/strong> aus. Allerdings bemerken die wenigsten von H\u00f6rproblemen Betroffenen ihre Schwerh\u00f6rigkeit selbst, sondern werden in den meisten F\u00e4llen von <strong>Angeh\u00f6rigen oder Freunde<\/strong>n darauf hingewiesen. Viele erleben Einschr\u00e4nkungen im famili\u00e4ren und beruflichen Umfeld.<br><br>Folgende Punkte stehen am diesj\u00e4hrigen Welttag des H\u00f6rens im Fokus:<\/p>\n\n\n\n<ul class=\"wp-block-list\">\n<li>Gutes Geh\u00f6r und Kommunikationsf\u00e4higkeit sind <strong>in allen Lebensphasen <\/strong>wichtig.<\/li>\n\n\n\n<li>Schwerh\u00f6rigkeit und damit verbundene Ohrkrankheiten k\u00f6nnen durch <strong>vorbeugende Ma\u00dfnahmen<\/strong> wie beispielsweise <strong>Schutz vor lauten Ger\u00e4uschen<\/strong>, gute <strong>H\u00f6rgesundheitspraxis<\/strong> und <strong>Immunisierung<\/strong> verhindert werden.<\/li>\n\n\n\n<li>Gegen Schwerh\u00f6rigkeit und damit verbundene Ohrkrankheiten kann am besten vorgegangen werden, wenn sie <strong>rechtzeitig entdeckt <\/strong>und <strong>richtig behandelt<\/strong> werden.<\/li>\n\n\n\n<li>Personen, bei denen ein erh\u00f6htes Risiko f\u00fcr einen H\u00f6rverlust besteht, sollten ihr <strong>Geh\u00f6r regelm\u00e4\u00dfig \u00fcberpr\u00fcfen<\/strong> lassen.<\/li>\n\n\n\n<li>Personen, die an einer H\u00f6rminderung (oder damit verbundenen Ohrkrankheiten) leiden, sollten sich von einem Gesundheitsdienstleister behandeln lassen.<\/li>\n\n\n\n<li>Die Zahl der Menschen, die mit einem unbehandelten H\u00f6rverlust und Ohrkrankheiten lebt, ist schlichtweg unakzeptabel. Zeitnahe Handlung ist erforderlich, um<strong> Schwerh\u00f6rigkeit in allen Lebensphasen vorzubeugen<\/strong> und zu behandeln.<\/li>\n\n\n\n<li>Die Investierung in kosteneffiziente Eingriffe wird Schwerh\u00f6rigen zu Gute kommen und der Gesellschaft als Ganzer finanzielle Gewinne einbringen.<\/li>\n\n\n\n<li>Integration von patientenzentrierter Ohr- und Geh\u00f6rpflege in <strong>nationale Gesundheitspl\u00e4ne<\/strong> f\u00fcr die allgemeine Krankenversicherung. (Quelle: hear-it.org)<\/li>\n<\/ul>\n\n\n\n<p>Einen H\u00f6rverlust fr\u00fchzeitig erkennen und versorgen bedeutet effektive Gesundheitspr\u00e4vention.&nbsp;Deshalb der Aufruf an alle: sch\u00fctzt euer Geh\u00f6r und l\u00e4sst es regelm\u00e4\u00dfig kontrollieren!<br><br><strong>In allen Zelger Centern und Zelger Servicestellen f\u00fchren unsere H\u00f6rexperten kostenlose H\u00f6rtests durch, beraten \u00fcber H\u00f6rl\u00f6sungen und bieten die M\u00f6glichkeit, diese 30 Tage lang unverbindlich Probe zu tragen!<\/strong><\/p>\n\n\n\n<figure class=\"wp-block-image size-full\"><img fetchpriority=\"high\" decoding=\"async\" width=\"370\" height=\"370\" src=\"https:\/\/zelger.it\/wp-content\/uploads\/2023\/05\/world-hearing-day.jpg\" alt=\"\" class=\"wp-image-3207\" srcset=\"https:\/\/www.zelger.it\/wp-content\/uploads\/2023\/05\/world-hearing-day.jpg 370w, https:\/\/www.zelger.it\/wp-content\/uploads\/2023\/05\/world-hearing-day-300x300.jpg 300w, https:\/\/www.zelger.it\/wp-content\/uploads\/2023\/05\/world-hearing-day-150x150.jpg 150w\" sizes=\"(max-width: 370px) 100vw, 370px\" \/><\/figure>\n","protected":false},"excerpt":{"rendered":"<p>Es ist ein Aufruf an alle Menschen, ihr H\u00f6rverm\u00f6gen regelm\u00e4\u00dfig \u00fcberpr\u00fcfen und sich bei vorliegendem H\u00f6rverlust m\u00f6glichst bald versorgen zu lassen. Denn die Auswirkungen einer unversorgten H\u00f6rminderung gehen \u00fcber eine Einschr\u00e4nkung beim H\u00f6ren und Verstehen und damit in der Kommunikationsf\u00e4higkeit und sozialen Teilhabe hinaus. Gutes H\u00f6ren ist Voraussetzung f\u00fcr unser Sicherheitsempfinden und unsere Orientierungsf\u00e4higkeit und [&hellip;]<\/p>\n","protected":false},"author":2,"featured_media":4318,"comment_status":"closed","ping_status":"closed","sticky":false,"template":"","format":"standard","meta":{"site-sidebar-layout":"default","site-content-layout":"","ast-site-content-layout":"default","site-content-style":"default","site-sidebar-style":"default","ast-global-header-display":"","ast-banner-title-visibility":"","ast-main-header-display":"","ast-hfb-above-header-display":"","ast-hfb-below-header-display":"","ast-hfb-mobile-header-display":"","site-post-title":"","ast-breadcrumbs-content":"","ast-featured-img":"","footer-sml-layout":"","ast-disable-related-posts":"","theme-transparent-header-meta":"","adv-header-id-meta":"","stick-header-meta":"","header-above-stick-meta":"","header-main-stick-meta":"","header-below-stick-meta":"","astra-migrate-meta-layouts":"set","ast-page-background-enabled":"default","ast-page-background-meta":{"desktop":{"background-color":"var(--ast-global-color-4)","background-image":"","background-repeat":"repeat","background-position":"center center","background-size":"auto","background-attachment":"scroll","background-type":"","background-media":"","overlay-type":"","overlay-color":"","overlay-opacity":"","overlay-gradient":""},"tablet":{"background-color":"","background-image":"","background-repeat":"repeat","background-position":"center center","background-size":"auto","background-attachment":"scroll","background-type":"","background-media":"","overlay-type":"","overlay-color":"","overlay-opacity":"","overlay-gradient":""},"mobile":{"background-color":"","background-image":"","background-repeat":"repeat","background-position":"center center","background-size":"auto","background-attachment":"scroll","background-type":"","background-media":"","overlay-type":"","overlay-color":"","overlay-opacity":"","overlay-gradient":""}},"ast-content-background-meta":{"desktop":{"background-color":"var(--ast-global-color-5)","background-image":"","background-repeat":"repeat","background-position":"center center","background-size":"auto","background-attachment":"scroll","background-type":"","background-media":"","overlay-type":"","overlay-color":"","overlay-opacity":"","overlay-gradient":""},"tablet":{"background-color":"var(--ast-global-color-5)","background-image":"","background-repeat":"repeat","background-position":"center center","background-size":"auto","background-attachment":"scroll","background-type":"","background-media":"","overlay-type":"","overlay-color":"","overlay-opacity":"","overlay-gradient":""},"mobile":{"background-color":"var(--ast-global-color-5)","background-image":"","background-repeat":"repeat","background-position":"center center","background-size":"auto","background-attachment":"scroll","background-type":"","background-media":"","overlay-type":"","overlay-color":"","overlay-opacity":"","overlay-gradient":""}},"footnotes":""},"categories":[43],"tags":[],"class_list":["post-4671","post","type-post","status-publish","format-standard","has-post-thumbnail","hentry","category-news-de"],"yoast_head":"<!-- This site is optimized with the Yoast SEO plugin v27.4 - https:\/\/yoast.com\/product\/yoast-seo-wordpress\/ -->\n<title>Zum Welttag des H\u00f6rens: H\u00f6rgesundheit f\u00fcr alle! - Zelger - Ihre H\u00f6rexperten<\/title>\n<meta name=\"robots\" content=\"index, follow, max-snippet:-1, max-image-preview:large, max-video-preview:-1\" \/>\n<link rel=\"canonical\" href=\"https:\/\/www.zelger.it\/de\/zum-welttag-des-horens-horgesundheit-fur-alle\/\" \/>\n<meta property=\"og:locale\" content=\"de_DE\" \/>\n<meta property=\"og:type\" content=\"article\" \/>\n<meta property=\"og:title\" content=\"Zum Welttag des H\u00f6rens: H\u00f6rgesundheit f\u00fcr alle! - Zelger - Ihre H\u00f6rexperten\" \/>\n<meta property=\"og:description\" content=\"Es ist ein Aufruf an alle Menschen, ihr H\u00f6rverm\u00f6gen regelm\u00e4\u00dfig \u00fcberpr\u00fcfen und sich bei vorliegendem H\u00f6rverlust m\u00f6glichst bald versorgen zu lassen. Denn die Auswirkungen einer unversorgten H\u00f6rminderung gehen \u00fcber eine Einschr\u00e4nkung beim H\u00f6ren und Verstehen und damit in der Kommunikationsf\u00e4higkeit und sozialen Teilhabe hinaus. Gutes H\u00f6ren ist Voraussetzung f\u00fcr unser Sicherheitsempfinden und unsere Orientierungsf\u00e4higkeit und [&hellip;]\" \/>\n<meta property=\"og:url\" content=\"https:\/\/www.zelger.it\/de\/zum-welttag-des-horens-horgesundheit-fur-alle\/\" \/>\n<meta property=\"og:site_name\" content=\"Zelger - Ihre H\u00f6rexperten\" \/>\n<meta property=\"article:publisher\" content=\"https:\/\/www.facebook.com\/zelger.it\" \/>\n<meta property=\"article:published_time\" content=\"2023-05-08T16:32:09+00:00\" \/>\n<meta property=\"article:modified_time\" content=\"2023-09-07T10:05:02+00:00\" \/>\n<meta property=\"og:image\" content=\"https:\/\/www.zelger.it\/wp-content\/uploads\/2023\/05\/gruppe.jpg\" \/>\n\t<meta property=\"og:image:width\" content=\"1170\" \/>\n\t<meta property=\"og:image:height\" content=\"658\" \/>\n\t<meta property=\"og:image:type\" content=\"image\/jpeg\" \/>\n<meta name=\"author\" content=\"Michela\" \/>\n<meta name=\"twitter:card\" content=\"summary_large_image\" \/>\n<meta name=\"twitter:label1\" content=\"Verfasst von\" \/>\n\t<meta name=\"twitter:data1\" content=\"Michela\" \/>\n\t<meta name=\"twitter:label2\" content=\"Gesch\u00e4tzte Lesezeit\" \/>\n\t<meta name=\"twitter:data2\" content=\"2\u00a0Minuten\" \/>\n<script type=\"application\/ld+json\" class=\"yoast-schema-graph\">{\"@context\":\"https:\\\/\\\/schema.org\",\"@graph\":[{\"@type\":\"Article\",\"@id\":\"https:\\\/\\\/www.zelger.it\\\/de\\\/zum-welttag-des-horens-horgesundheit-fur-alle\\\/#article\",\"isPartOf\":{\"@id\":\"https:\\\/\\\/www.zelger.it\\\/de\\\/zum-welttag-des-horens-horgesundheit-fur-alle\\\/\"},\"author\":{\"name\":\"Michela\",\"@id\":\"https:\\\/\\\/www.zelger.it\\\/de\\\/#\\\/schema\\\/person\\\/c3e2cf838120cb622df1cd5cca9609f2\"},\"headline\":\"Zum Welttag des H\u00f6rens: H\u00f6rgesundheit f\u00fcr alle!\",\"datePublished\":\"2023-05-08T16:32:09+00:00\",\"dateModified\":\"2023-09-07T10:05:02+00:00\",\"mainEntityOfPage\":{\"@id\":\"https:\\\/\\\/www.zelger.it\\\/de\\\/zum-welttag-des-horens-horgesundheit-fur-alle\\\/\"},\"wordCount\":365,\"publisher\":{\"@id\":\"https:\\\/\\\/www.zelger.it\\\/de\\\/#organization\"},\"image\":{\"@id\":\"https:\\\/\\\/www.zelger.it\\\/de\\\/zum-welttag-des-horens-horgesundheit-fur-alle\\\/#primaryimage\"},\"thumbnailUrl\":\"https:\\\/\\\/www.zelger.it\\\/wp-content\\\/uploads\\\/2023\\\/05\\\/gruppe.jpg\",\"articleSection\":[\"News\"],\"inLanguage\":\"de\"},{\"@type\":\"WebPage\",\"@id\":\"https:\\\/\\\/www.zelger.it\\\/de\\\/zum-welttag-des-horens-horgesundheit-fur-alle\\\/\",\"url\":\"https:\\\/\\\/www.zelger.it\\\/de\\\/zum-welttag-des-horens-horgesundheit-fur-alle\\\/\",\"name\":\"Zum Welttag des H\u00f6rens: H\u00f6rgesundheit f\u00fcr alle! - Zelger - Ihre H\u00f6rexperten\",\"isPartOf\":{\"@id\":\"https:\\\/\\\/www.zelger.it\\\/de\\\/#website\"},\"primaryImageOfPage\":{\"@id\":\"https:\\\/\\\/www.zelger.it\\\/de\\\/zum-welttag-des-horens-horgesundheit-fur-alle\\\/#primaryimage\"},\"image\":{\"@id\":\"https:\\\/\\\/www.zelger.it\\\/de\\\/zum-welttag-des-horens-horgesundheit-fur-alle\\\/#primaryimage\"},\"thumbnailUrl\":\"https:\\\/\\\/www.zelger.it\\\/wp-content\\\/uploads\\\/2023\\\/05\\\/gruppe.jpg\",\"datePublished\":\"2023-05-08T16:32:09+00:00\",\"dateModified\":\"2023-09-07T10:05:02+00:00\",\"breadcrumb\":{\"@id\":\"https:\\\/\\\/www.zelger.it\\\/de\\\/zum-welttag-des-horens-horgesundheit-fur-alle\\\/#breadcrumb\"},\"inLanguage\":\"de\",\"potentialAction\":[{\"@type\":\"ReadAction\",\"target\":[\"https:\\\/\\\/www.zelger.it\\\/de\\\/zum-welttag-des-horens-horgesundheit-fur-alle\\\/\"]}]},{\"@type\":\"ImageObject\",\"inLanguage\":\"de\",\"@id\":\"https:\\\/\\\/www.zelger.it\\\/de\\\/zum-welttag-des-horens-horgesundheit-fur-alle\\\/#primaryimage\",\"url\":\"https:\\\/\\\/www.zelger.it\\\/wp-content\\\/uploads\\\/2023\\\/05\\\/gruppe.jpg\",\"contentUrl\":\"https:\\\/\\\/www.zelger.it\\\/wp-content\\\/uploads\\\/2023\\\/05\\\/gruppe.jpg\",\"width\":1170,\"height\":658},{\"@type\":\"BreadcrumbList\",\"@id\":\"https:\\\/\\\/www.zelger.it\\\/de\\\/zum-welttag-des-horens-horgesundheit-fur-alle\\\/#breadcrumb\",\"itemListElement\":[{\"@type\":\"ListItem\",\"position\":1,\"name\":\"Home\",\"item\":\"https:\\\/\\\/www.zelger.it\\\/de\\\/\"},{\"@type\":\"ListItem\",\"position\":2,\"name\":\"Zum Welttag des H\u00f6rens: H\u00f6rgesundheit f\u00fcr alle!\"}]},{\"@type\":\"WebSite\",\"@id\":\"https:\\\/\\\/www.zelger.it\\\/de\\\/#website\",\"url\":\"https:\\\/\\\/www.zelger.it\\\/de\\\/\",\"name\":\"Zelger - Ihre H\u00f6rexperten\",\"description\":\"Apparecchi acustici da Zelger | Esperti dell\u2019udito nel Nord Italia\",\"publisher\":{\"@id\":\"https:\\\/\\\/www.zelger.it\\\/de\\\/#organization\"},\"potentialAction\":[{\"@type\":\"SearchAction\",\"target\":{\"@type\":\"EntryPoint\",\"urlTemplate\":\"https:\\\/\\\/www.zelger.it\\\/de\\\/?s={search_term_string}\"},\"query-input\":{\"@type\":\"PropertyValueSpecification\",\"valueRequired\":true,\"valueName\":\"search_term_string\"}}],\"inLanguage\":\"de\"},{\"@type\":\"Organization\",\"@id\":\"https:\\\/\\\/www.zelger.it\\\/de\\\/#organization\",\"name\":\"Zelger Srl\",\"url\":\"https:\\\/\\\/www.zelger.it\\\/de\\\/\",\"logo\":{\"@type\":\"ImageObject\",\"inLanguage\":\"de\",\"@id\":\"https:\\\/\\\/www.zelger.it\\\/de\\\/#\\\/schema\\\/logo\\\/image\\\/\",\"url\":\"https:\\\/\\\/www.zelger.it\\\/wp-content\\\/uploads\\\/2023\\\/03\\\/Logo_it.svg\",\"contentUrl\":\"https:\\\/\\\/www.zelger.it\\\/wp-content\\\/uploads\\\/2023\\\/03\\\/Logo_it.svg\",\"caption\":\"Zelger Srl\"},\"image\":{\"@id\":\"https:\\\/\\\/www.zelger.it\\\/de\\\/#\\\/schema\\\/logo\\\/image\\\/\"},\"sameAs\":[\"https:\\\/\\\/www.facebook.com\\\/zelger.it\",\"https:\\\/\\\/www.youtube.com\\\/channel\\\/UCElzmntcVyuS8eWah3Ut8GA\"]},{\"@type\":\"Person\",\"@id\":\"https:\\\/\\\/www.zelger.it\\\/de\\\/#\\\/schema\\\/person\\\/c3e2cf838120cb622df1cd5cca9609f2\",\"name\":\"Michela\",\"image\":{\"@type\":\"ImageObject\",\"inLanguage\":\"de\",\"@id\":\"https:\\\/\\\/secure.gravatar.com\\\/avatar\\\/58610bec40f796fcc3113f029b7e5d6f5bdb23826ac28a07f9aced03e821bb28?s=96&d=mm&r=g\",\"url\":\"https:\\\/\\\/secure.gravatar.com\\\/avatar\\\/58610bec40f796fcc3113f029b7e5d6f5bdb23826ac28a07f9aced03e821bb28?s=96&d=mm&r=g\",\"contentUrl\":\"https:\\\/\\\/secure.gravatar.com\\\/avatar\\\/58610bec40f796fcc3113f029b7e5d6f5bdb23826ac28a07f9aced03e821bb28?s=96&d=mm&r=g\",\"caption\":\"Michela\"}}]}<\/script>\n<!-- \/ Yoast SEO plugin. -->","yoast_head_json":{"title":"Zum Welttag des H\u00f6rens: H\u00f6rgesundheit f\u00fcr alle! - Zelger - Ihre H\u00f6rexperten","robots":{"index":"index","follow":"follow","max-snippet":"max-snippet:-1","max-image-preview":"max-image-preview:large","max-video-preview":"max-video-preview:-1"},"canonical":"https:\/\/www.zelger.it\/de\/zum-welttag-des-horens-horgesundheit-fur-alle\/","og_locale":"de_DE","og_type":"article","og_title":"Zum Welttag des H\u00f6rens: H\u00f6rgesundheit f\u00fcr alle! - Zelger - Ihre H\u00f6rexperten","og_description":"Es ist ein Aufruf an alle Menschen, ihr H\u00f6rverm\u00f6gen regelm\u00e4\u00dfig \u00fcberpr\u00fcfen und sich bei vorliegendem H\u00f6rverlust m\u00f6glichst bald versorgen zu lassen. Denn die Auswirkungen einer unversorgten H\u00f6rminderung gehen \u00fcber eine Einschr\u00e4nkung beim H\u00f6ren und Verstehen und damit in der Kommunikationsf\u00e4higkeit und sozialen Teilhabe hinaus. Gutes H\u00f6ren ist Voraussetzung f\u00fcr unser Sicherheitsempfinden und unsere Orientierungsf\u00e4higkeit und [&hellip;]","og_url":"https:\/\/www.zelger.it\/de\/zum-welttag-des-horens-horgesundheit-fur-alle\/","og_site_name":"Zelger - Ihre H\u00f6rexperten","article_publisher":"https:\/\/www.facebook.com\/zelger.it","article_published_time":"2023-05-08T16:32:09+00:00","article_modified_time":"2023-09-07T10:05:02+00:00","og_image":[{"width":1170,"height":658,"url":"https:\/\/www.zelger.it\/wp-content\/uploads\/2023\/05\/gruppe.jpg","type":"image\/jpeg"}],"author":"Michela","twitter_card":"summary_large_image","twitter_misc":{"Verfasst von":"Michela","Gesch\u00e4tzte Lesezeit":"2\u00a0Minuten"},"schema":{"@context":"https:\/\/schema.org","@graph":[{"@type":"Article","@id":"https:\/\/www.zelger.it\/de\/zum-welttag-des-horens-horgesundheit-fur-alle\/#article","isPartOf":{"@id":"https:\/\/www.zelger.it\/de\/zum-welttag-des-horens-horgesundheit-fur-alle\/"},"author":{"name":"Michela","@id":"https:\/\/www.zelger.it\/de\/#\/schema\/person\/c3e2cf838120cb622df1cd5cca9609f2"},"headline":"Zum Welttag des H\u00f6rens: H\u00f6rgesundheit f\u00fcr alle!","datePublished":"2023-05-08T16:32:09+00:00","dateModified":"2023-09-07T10:05:02+00:00","mainEntityOfPage":{"@id":"https:\/\/www.zelger.it\/de\/zum-welttag-des-horens-horgesundheit-fur-alle\/"},"wordCount":365,"publisher":{"@id":"https:\/\/www.zelger.it\/de\/#organization"},"image":{"@id":"https:\/\/www.zelger.it\/de\/zum-welttag-des-horens-horgesundheit-fur-alle\/#primaryimage"},"thumbnailUrl":"https:\/\/www.zelger.it\/wp-content\/uploads\/2023\/05\/gruppe.jpg","articleSection":["News"],"inLanguage":"de"},{"@type":"WebPage","@id":"https:\/\/www.zelger.it\/de\/zum-welttag-des-horens-horgesundheit-fur-alle\/","url":"https:\/\/www.zelger.it\/de\/zum-welttag-des-horens-horgesundheit-fur-alle\/","name":"Zum Welttag des H\u00f6rens: H\u00f6rgesundheit f\u00fcr alle! - Zelger - Ihre H\u00f6rexperten","isPartOf":{"@id":"https:\/\/www.zelger.it\/de\/#website"},"primaryImageOfPage":{"@id":"https:\/\/www.zelger.it\/de\/zum-welttag-des-horens-horgesundheit-fur-alle\/#primaryimage"},"image":{"@id":"https:\/\/www.zelger.it\/de\/zum-welttag-des-horens-horgesundheit-fur-alle\/#primaryimage"},"thumbnailUrl":"https:\/\/www.zelger.it\/wp-content\/uploads\/2023\/05\/gruppe.jpg","datePublished":"2023-05-08T16:32:09+00:00","dateModified":"2023-09-07T10:05:02+00:00","breadcrumb":{"@id":"https:\/\/www.zelger.it\/de\/zum-welttag-des-horens-horgesundheit-fur-alle\/#breadcrumb"},"inLanguage":"de","potentialAction":[{"@type":"ReadAction","target":["https:\/\/www.zelger.it\/de\/zum-welttag-des-horens-horgesundheit-fur-alle\/"]}]},{"@type":"ImageObject","inLanguage":"de","@id":"https:\/\/www.zelger.it\/de\/zum-welttag-des-horens-horgesundheit-fur-alle\/#primaryimage","url":"https:\/\/www.zelger.it\/wp-content\/uploads\/2023\/05\/gruppe.jpg","contentUrl":"https:\/\/www.zelger.it\/wp-content\/uploads\/2023\/05\/gruppe.jpg","width":1170,"height":658},{"@type":"BreadcrumbList","@id":"https:\/\/www.zelger.it\/de\/zum-welttag-des-horens-horgesundheit-fur-alle\/#breadcrumb","itemListElement":[{"@type":"ListItem","position":1,"name":"Home","item":"https:\/\/www.zelger.it\/de\/"},{"@type":"ListItem","position":2,"name":"Zum Welttag des H\u00f6rens: H\u00f6rgesundheit f\u00fcr alle!"}]},{"@type":"WebSite","@id":"https:\/\/www.zelger.it\/de\/#website","url":"https:\/\/www.zelger.it\/de\/","name":"Zelger - Ihre H\u00f6rexperten","description":"Apparecchi acustici da Zelger | Esperti dell\u2019udito nel Nord Italia","publisher":{"@id":"https:\/\/www.zelger.it\/de\/#organization"},"potentialAction":[{"@type":"SearchAction","target":{"@type":"EntryPoint","urlTemplate":"https:\/\/www.zelger.it\/de\/?s={search_term_string}"},"query-input":{"@type":"PropertyValueSpecification","valueRequired":true,"valueName":"search_term_string"}}],"inLanguage":"de"},{"@type":"Organization","@id":"https:\/\/www.zelger.it\/de\/#organization","name":"Zelger Srl","url":"https:\/\/www.zelger.it\/de\/","logo":{"@type":"ImageObject","inLanguage":"de","@id":"https:\/\/www.zelger.it\/de\/#\/schema\/logo\/image\/","url":"https:\/\/www.zelger.it\/wp-content\/uploads\/2023\/03\/Logo_it.svg","contentUrl":"https:\/\/www.zelger.it\/wp-content\/uploads\/2023\/03\/Logo_it.svg","caption":"Zelger Srl"},"image":{"@id":"https:\/\/www.zelger.it\/de\/#\/schema\/logo\/image\/"},"sameAs":["https:\/\/www.facebook.com\/zelger.it","https:\/\/www.youtube.com\/channel\/UCElzmntcVyuS8eWah3Ut8GA"]},{"@type":"Person","@id":"https:\/\/www.zelger.it\/de\/#\/schema\/person\/c3e2cf838120cb622df1cd5cca9609f2","name":"Michela","image":{"@type":"ImageObject","inLanguage":"de","@id":"https:\/\/secure.gravatar.com\/avatar\/58610bec40f796fcc3113f029b7e5d6f5bdb23826ac28a07f9aced03e821bb28?s=96&d=mm&r=g","url":"https:\/\/secure.gravatar.com\/avatar\/58610bec40f796fcc3113f029b7e5d6f5bdb23826ac28a07f9aced03e821bb28?s=96&d=mm&r=g","contentUrl":"https:\/\/secure.gravatar.com\/avatar\/58610bec40f796fcc3113f029b7e5d6f5bdb23826ac28a07f9aced03e821bb28?s=96&d=mm&r=g","caption":"Michela"}}]}},"_links":{"self":[{"href":"https:\/\/www.zelger.it\/de\/wp-json\/wp\/v2\/posts\/4671","targetHints":{"allow":["GET"]}}],"collection":[{"href":"https:\/\/www.zelger.it\/de\/wp-json\/wp\/v2\/posts"}],"about":[{"href":"https:\/\/www.zelger.it\/de\/wp-json\/wp\/v2\/types\/post"}],"author":[{"embeddable":true,"href":"https:\/\/www.zelger.it\/de\/wp-json\/wp\/v2\/users\/2"}],"replies":[{"embeddable":true,"href":"https:\/\/www.zelger.it\/de\/wp-json\/wp\/v2\/comments?post=4671"}],"version-history":[{"count":0,"href":"https:\/\/www.zelger.it\/de\/wp-json\/wp\/v2\/posts\/4671\/revisions"}],"wp:featuredmedia":[{"embeddable":true,"href":"https:\/\/www.zelger.it\/de\/wp-json\/wp\/v2\/media\/4318"}],"wp:attachment":[{"href":"https:\/\/www.zelger.it\/de\/wp-json\/wp\/v2\/media?parent=4671"}],"wp:term":[{"taxonomy":"category","embeddable":true,"href":"https:\/\/www.zelger.it\/de\/wp-json\/wp\/v2\/categories?post=4671"},{"taxonomy":"post_tag","embeddable":true,"href":"https:\/\/www.zelger.it\/de\/wp-json\/wp\/v2\/tags?post=4671"}],"curies":[{"name":"wp","href":"https:\/\/api.w.org\/{rel}","templated":true}]}}