{"id":4665,"date":"2023-05-08T18:38:09","date_gmt":"2023-05-08T16:38:09","guid":{"rendered":"https:\/\/zelger.it\/giornata-mondiale-contro-il-rumore-conta-il-livello-di-esposizione\/"},"modified":"2023-09-07T12:00:35","modified_gmt":"2023-09-07T10:00:35","slug":"welttag-gegen-den-larm-je-lauter-desto-kurzer","status":"publish","type":"post","link":"https:\/\/www.zelger.it\/de\/welttag-gegen-den-larm-je-lauter-desto-kurzer\/","title":{"rendered":"Welttag gegen den L\u00e4rm: je lauter, desto k\u00fcrzer!"},"content":{"rendered":"\n<p>Ob unser Geh\u00f6r in einer bestimmten Situation Schaden nimmt, h\u00e4ngt nicht davon ab, ob wir den Schall als unangenehm oder angenehm empfinden.&nbsp;Vielmehr sind <strong>Lautst\u00e4rke und Dauer&nbsp;der Belastung<\/strong> die ausschlaggebenden&nbsp;Faktoren. Grunds\u00e4tzlich wird es <strong>ab einem&nbsp;Schallpegel von 85 dB gef\u00e4hrlich<\/strong>&nbsp;f\u00fcr unsere Ohren. Je l\u00e4nger wir L\u00e4rm&nbsp;in diesem oder h\u00f6herem Ausma\u00df ausgesetzt&nbsp;sind, desto h\u00f6her ist das Risiko&nbsp;eines Geh\u00f6rschadens und <strong>je h\u00f6her der&nbsp;L\u00e4rmpegel<\/strong>, desto weniger Zeit sollten&nbsp;wir diesem ausgesetzt sein. Einer&nbsp;Ger\u00e4uschkulisse unter 85 dB k\u00f6nnen&nbsp;wir unsere Ohren bis zu maximal acht&nbsp;Stunden aussetzen. Wenn hingegen der&nbsp;Schallpegel auf etwa 100 dB anw\u00e4chst, wie dies auch beim <strong>Musikh\u00f6ren \u00fcber Kopfh\u00f6rer mit maximaler Lautst\u00e4rke<\/strong> der Fall ist, wird schon nach 7,5 Minuten die Gefahrengrenze erreicht. Einmal abgesehen von explosionsartigen Ger\u00e4uschen, die in wenigen Sekunden ein <strong>Knalltrauma <\/strong>verursachen k\u00f6nnen, ist also nicht allein die Lautst\u00e4rke einer L\u00e4rmquelle entscheidend f\u00fcr die Gefahr, die von ihr ausgeht. Es ist der <strong>L\u00e4rmexpositionspegel<\/strong>, der sich aus dem Schallpegel und der Belastungsdauer ergibt, der dar\u00fcber entscheidet, ob unsere Ohren Schaden nehmen.<br><br><strong>Warnzeichen beachten<br><\/strong>Unser Geh\u00f6r reagiert zum Gl\u00fcck auf zu viel L\u00e4rm und sendet Warnsignale aus. Ein <strong>vor\u00fcbergehendes Taubheitsgef\u00fchl<\/strong> weist darauf hin, dass die l\u00e4rmige Umgebung schnellstens verlassen werden sollte. In einer solchen Situation nimmt man vor allem <strong>hohe T\u00f6ne ged\u00e4mpft <\/strong>wahr und hat den Eindruck, schlechter zu h\u00f6ren als sonst. Auch wenn die Ohren nach einem lauten Ereignis <strong>klingeln oder rauschen<\/strong>, ist das ein klares Zeichen daf\u00fcr, dass die Lautst\u00e4rke zu hoch war. Der Schallpegel in einer bestimmten Umgebung l\u00e4sst&nbsp;sich \u00fcbrigens auch an der Lautst\u00e4rke erkennen, in der in dieser Situation <strong>eine Unterhaltung gef\u00fchrt<\/strong> werden&nbsp;muss. Wird der Gespr\u00e4chspartner nur verstanden, wenn er schreit, kann der Schallpegel gut und gerne 90 oder gar 100 dB betragen \u2013 ein Signal daf\u00fcr, dass man diese Umgebung nach wenigen Minuten verlassen sollte.<br><br><strong>Tipps f\u00fcr sicheres H\u00f6ren<br><\/strong>Leider l\u00e4sst sich nicht eindeutig feststellen, wann genau ein <strong>l\u00e4rmbedingter H\u00f6rschaden<\/strong> eintritt. Wir k\u00f6nnen jedoch auf den Ger\u00e4uschpegel unserer&nbsp;Umgebung achten und besonders <strong>laute Umgebungen meiden<\/strong>. Ist das nicht m\u00f6glich, hilft ein gut sitzender Geh\u00f6rschutz, der auch bei Zelger f\u00fcr verschiedene Einsatzbereiche auf Ma\u00df gefertigt wird. <strong>Pausen sind wichtig,<\/strong> etwa nach&nbsp;langer und direkter Beschallung unserer Ohren, zum Beispiel \u00fcber Kopfh\u00f6rer. Schlie\u00dflich sollte auch unser Geh\u00f6r unbedingt Teil der gesundheitlichen Vorsorge sein: <strong>Regelm\u00e4\u00dfige Kontrollen des Geh\u00f6rs<\/strong> sind schon deshalb sinnvoll, weil den meisten Betroffenen nicht bewusst ist, dass sie ein H\u00f6rproblem haben \u2013 ob nun durch L\u00e4rm oder anderweitig bedingt. Ein H\u00f6rtest, m\u00f6glichst&nbsp;einmal pro Jahr, gibt die Sicherheit, dass bei einer eventuell vorliegenden H\u00f6rminderung rechtzeitig gehandelt werden kann.<\/p>\n","protected":false},"excerpt":{"rendered":"<p>Ob unser Geh\u00f6r in einer bestimmten Situation Schaden nimmt, h\u00e4ngt nicht davon ab, ob wir den Schall als unangenehm oder angenehm empfinden.&nbsp;Vielmehr sind Lautst\u00e4rke und Dauer&nbsp;der Belastung die ausschlaggebenden&nbsp;Faktoren. Grunds\u00e4tzlich wird es ab einem&nbsp;Schallpegel von 85 dB gef\u00e4hrlich&nbsp;f\u00fcr unsere Ohren. Je l\u00e4nger wir L\u00e4rm&nbsp;in diesem oder h\u00f6herem Ausma\u00df ausgesetzt&nbsp;sind, desto h\u00f6her ist das Risiko&nbsp;eines Geh\u00f6rschadens [&hellip;]<\/p>\n","protected":false},"author":2,"featured_media":4338,"comment_status":"closed","ping_status":"closed","sticky":false,"template":"","format":"standard","meta":{"site-sidebar-layout":"default","site-content-layout":"","ast-site-content-layout":"default","site-content-style":"default","site-sidebar-style":"default","ast-global-header-display":"","ast-banner-title-visibility":"","ast-main-header-display":"","ast-hfb-above-header-display":"","ast-hfb-below-header-display":"","ast-hfb-mobile-header-display":"","site-post-title":"","ast-breadcrumbs-content":"","ast-featured-img":"","footer-sml-layout":"","ast-disable-related-posts":"","theme-transparent-header-meta":"","adv-header-id-meta":"","stick-header-meta":"","header-above-stick-meta":"","header-main-stick-meta":"","header-below-stick-meta":"","astra-migrate-meta-layouts":"set","ast-page-background-enabled":"default","ast-page-background-meta":{"desktop":{"background-color":"var(--ast-global-color-4)","background-image":"","background-repeat":"repeat","background-position":"center center","background-size":"auto","background-attachment":"scroll","background-type":"","background-media":"","overlay-type":"","overlay-color":"","overlay-opacity":"","overlay-gradient":""},"tablet":{"background-color":"","background-image":"","background-repeat":"repeat","background-position":"center center","background-size":"auto","background-attachment":"scroll","background-type":"","background-media":"","overlay-type":"","overlay-color":"","overlay-opacity":"","overlay-gradient":""},"mobile":{"background-color":"","background-image":"","background-repeat":"repeat","background-position":"center center","background-size":"auto","background-attachment":"scroll","background-type":"","background-media":"","overlay-type":"","overlay-color":"","overlay-opacity":"","overlay-gradient":""}},"ast-content-background-meta":{"desktop":{"background-color":"var(--ast-global-color-5)","background-image":"","background-repeat":"repeat","background-position":"center center","background-size":"auto","background-attachment":"scroll","background-type":"","background-media":"","overlay-type":"","overlay-color":"","overlay-opacity":"","overlay-gradient":""},"tablet":{"background-color":"var(--ast-global-color-5)","background-image":"","background-repeat":"repeat","background-position":"center center","background-size":"auto","background-attachment":"scroll","background-type":"","background-media":"","overlay-type":"","overlay-color":"","overlay-opacity":"","overlay-gradient":""},"mobile":{"background-color":"var(--ast-global-color-5)","background-image":"","background-repeat":"repeat","background-position":"center center","background-size":"auto","background-attachment":"scroll","background-type":"","background-media":"","overlay-type":"","overlay-color":"","overlay-opacity":"","overlay-gradient":""}},"footnotes":""},"categories":[43],"tags":[],"class_list":["post-4665","post","type-post","status-publish","format-standard","has-post-thumbnail","hentry","category-news-de"],"yoast_head":"<!-- This site is optimized with the Yoast SEO plugin v27.4 - https:\/\/yoast.com\/product\/yoast-seo-wordpress\/ -->\n<title>Welttag gegen den L\u00e4rm: je lauter, desto k\u00fcrzer! - Zelger - Ihre H\u00f6rexperten<\/title>\n<meta name=\"robots\" content=\"index, follow, max-snippet:-1, max-image-preview:large, max-video-preview:-1\" \/>\n<link rel=\"canonical\" href=\"https:\/\/www.zelger.it\/de\/welttag-gegen-den-larm-je-lauter-desto-kurzer\/\" \/>\n<meta property=\"og:locale\" content=\"de_DE\" \/>\n<meta property=\"og:type\" content=\"article\" \/>\n<meta property=\"og:title\" content=\"Welttag gegen den L\u00e4rm: je lauter, desto k\u00fcrzer! - Zelger - Ihre H\u00f6rexperten\" \/>\n<meta property=\"og:description\" content=\"Ob unser Geh\u00f6r in einer bestimmten Situation Schaden nimmt, h\u00e4ngt nicht davon ab, ob wir den Schall als unangenehm oder angenehm empfinden.&nbsp;Vielmehr sind Lautst\u00e4rke und Dauer&nbsp;der Belastung die ausschlaggebenden&nbsp;Faktoren. Grunds\u00e4tzlich wird es ab einem&nbsp;Schallpegel von 85 dB gef\u00e4hrlich&nbsp;f\u00fcr unsere Ohren. Je l\u00e4nger wir L\u00e4rm&nbsp;in diesem oder h\u00f6herem Ausma\u00df ausgesetzt&nbsp;sind, desto h\u00f6her ist das Risiko&nbsp;eines Geh\u00f6rschadens [&hellip;]\" \/>\n<meta property=\"og:url\" content=\"https:\/\/www.zelger.it\/de\/welttag-gegen-den-larm-je-lauter-desto-kurzer\/\" \/>\n<meta property=\"og:site_name\" content=\"Zelger - Ihre H\u00f6rexperten\" \/>\n<meta property=\"article:publisher\" content=\"https:\/\/www.facebook.com\/zelger.it\" \/>\n<meta property=\"article:published_time\" content=\"2023-05-08T16:38:09+00:00\" \/>\n<meta property=\"article:modified_time\" content=\"2023-09-07T10:00:35+00:00\" \/>\n<meta property=\"og:image\" content=\"https:\/\/www.zelger.it\/wp-content\/uploads\/2023\/05\/welttag-larm-1170x.jpg\" \/>\n\t<meta property=\"og:image:width\" content=\"1170\" \/>\n\t<meta property=\"og:image:height\" content=\"658\" \/>\n\t<meta property=\"og:image:type\" content=\"image\/jpeg\" \/>\n<meta name=\"author\" content=\"Michela\" \/>\n<meta name=\"twitter:card\" content=\"summary_large_image\" \/>\n<meta name=\"twitter:label1\" content=\"Verfasst von\" \/>\n\t<meta name=\"twitter:data1\" content=\"Michela\" \/>\n\t<meta name=\"twitter:label2\" content=\"Gesch\u00e4tzte Lesezeit\" \/>\n\t<meta name=\"twitter:data2\" content=\"2\u00a0Minuten\" \/>\n<script type=\"application\/ld+json\" class=\"yoast-schema-graph\">{\"@context\":\"https:\\\/\\\/schema.org\",\"@graph\":[{\"@type\":\"Article\",\"@id\":\"https:\\\/\\\/www.zelger.it\\\/de\\\/welttag-gegen-den-larm-je-lauter-desto-kurzer\\\/#article\",\"isPartOf\":{\"@id\":\"https:\\\/\\\/www.zelger.it\\\/de\\\/welttag-gegen-den-larm-je-lauter-desto-kurzer\\\/\"},\"author\":{\"name\":\"Michela\",\"@id\":\"https:\\\/\\\/www.zelger.it\\\/de\\\/#\\\/schema\\\/person\\\/c3e2cf838120cb622df1cd5cca9609f2\"},\"headline\":\"Welttag gegen den L\u00e4rm: je lauter, desto k\u00fcrzer!\",\"datePublished\":\"2023-05-08T16:38:09+00:00\",\"dateModified\":\"2023-09-07T10:00:35+00:00\",\"mainEntityOfPage\":{\"@id\":\"https:\\\/\\\/www.zelger.it\\\/de\\\/welttag-gegen-den-larm-je-lauter-desto-kurzer\\\/\"},\"wordCount\":507,\"publisher\":{\"@id\":\"https:\\\/\\\/www.zelger.it\\\/de\\\/#organization\"},\"image\":{\"@id\":\"https:\\\/\\\/www.zelger.it\\\/de\\\/welttag-gegen-den-larm-je-lauter-desto-kurzer\\\/#primaryimage\"},\"thumbnailUrl\":\"https:\\\/\\\/www.zelger.it\\\/wp-content\\\/uploads\\\/2023\\\/05\\\/welttag-larm-1170x.jpg\",\"articleSection\":[\"News\"],\"inLanguage\":\"de\"},{\"@type\":\"WebPage\",\"@id\":\"https:\\\/\\\/www.zelger.it\\\/de\\\/welttag-gegen-den-larm-je-lauter-desto-kurzer\\\/\",\"url\":\"https:\\\/\\\/www.zelger.it\\\/de\\\/welttag-gegen-den-larm-je-lauter-desto-kurzer\\\/\",\"name\":\"Welttag gegen den L\u00e4rm: je lauter, desto k\u00fcrzer! - Zelger - Ihre H\u00f6rexperten\",\"isPartOf\":{\"@id\":\"https:\\\/\\\/www.zelger.it\\\/de\\\/#website\"},\"primaryImageOfPage\":{\"@id\":\"https:\\\/\\\/www.zelger.it\\\/de\\\/welttag-gegen-den-larm-je-lauter-desto-kurzer\\\/#primaryimage\"},\"image\":{\"@id\":\"https:\\\/\\\/www.zelger.it\\\/de\\\/welttag-gegen-den-larm-je-lauter-desto-kurzer\\\/#primaryimage\"},\"thumbnailUrl\":\"https:\\\/\\\/www.zelger.it\\\/wp-content\\\/uploads\\\/2023\\\/05\\\/welttag-larm-1170x.jpg\",\"datePublished\":\"2023-05-08T16:38:09+00:00\",\"dateModified\":\"2023-09-07T10:00:35+00:00\",\"breadcrumb\":{\"@id\":\"https:\\\/\\\/www.zelger.it\\\/de\\\/welttag-gegen-den-larm-je-lauter-desto-kurzer\\\/#breadcrumb\"},\"inLanguage\":\"de\",\"potentialAction\":[{\"@type\":\"ReadAction\",\"target\":[\"https:\\\/\\\/www.zelger.it\\\/de\\\/welttag-gegen-den-larm-je-lauter-desto-kurzer\\\/\"]}]},{\"@type\":\"ImageObject\",\"inLanguage\":\"de\",\"@id\":\"https:\\\/\\\/www.zelger.it\\\/de\\\/welttag-gegen-den-larm-je-lauter-desto-kurzer\\\/#primaryimage\",\"url\":\"https:\\\/\\\/www.zelger.it\\\/wp-content\\\/uploads\\\/2023\\\/05\\\/welttag-larm-1170x.jpg\",\"contentUrl\":\"https:\\\/\\\/www.zelger.it\\\/wp-content\\\/uploads\\\/2023\\\/05\\\/welttag-larm-1170x.jpg\",\"width\":1170,\"height\":658},{\"@type\":\"BreadcrumbList\",\"@id\":\"https:\\\/\\\/www.zelger.it\\\/de\\\/welttag-gegen-den-larm-je-lauter-desto-kurzer\\\/#breadcrumb\",\"itemListElement\":[{\"@type\":\"ListItem\",\"position\":1,\"name\":\"Home\",\"item\":\"https:\\\/\\\/www.zelger.it\\\/de\\\/\"},{\"@type\":\"ListItem\",\"position\":2,\"name\":\"Welttag gegen den L\u00e4rm: je lauter, desto k\u00fcrzer!\"}]},{\"@type\":\"WebSite\",\"@id\":\"https:\\\/\\\/www.zelger.it\\\/de\\\/#website\",\"url\":\"https:\\\/\\\/www.zelger.it\\\/de\\\/\",\"name\":\"Zelger - Ihre H\u00f6rexperten\",\"description\":\"Apparecchi acustici da Zelger | Esperti dell\u2019udito nel Nord Italia\",\"publisher\":{\"@id\":\"https:\\\/\\\/www.zelger.it\\\/de\\\/#organization\"},\"potentialAction\":[{\"@type\":\"SearchAction\",\"target\":{\"@type\":\"EntryPoint\",\"urlTemplate\":\"https:\\\/\\\/www.zelger.it\\\/de\\\/?s={search_term_string}\"},\"query-input\":{\"@type\":\"PropertyValueSpecification\",\"valueRequired\":true,\"valueName\":\"search_term_string\"}}],\"inLanguage\":\"de\"},{\"@type\":\"Organization\",\"@id\":\"https:\\\/\\\/www.zelger.it\\\/de\\\/#organization\",\"name\":\"Zelger Srl\",\"url\":\"https:\\\/\\\/www.zelger.it\\\/de\\\/\",\"logo\":{\"@type\":\"ImageObject\",\"inLanguage\":\"de\",\"@id\":\"https:\\\/\\\/www.zelger.it\\\/de\\\/#\\\/schema\\\/logo\\\/image\\\/\",\"url\":\"https:\\\/\\\/www.zelger.it\\\/wp-content\\\/uploads\\\/2023\\\/03\\\/Logo_it.svg\",\"contentUrl\":\"https:\\\/\\\/www.zelger.it\\\/wp-content\\\/uploads\\\/2023\\\/03\\\/Logo_it.svg\",\"caption\":\"Zelger Srl\"},\"image\":{\"@id\":\"https:\\\/\\\/www.zelger.it\\\/de\\\/#\\\/schema\\\/logo\\\/image\\\/\"},\"sameAs\":[\"https:\\\/\\\/www.facebook.com\\\/zelger.it\",\"https:\\\/\\\/www.youtube.com\\\/channel\\\/UCElzmntcVyuS8eWah3Ut8GA\"]},{\"@type\":\"Person\",\"@id\":\"https:\\\/\\\/www.zelger.it\\\/de\\\/#\\\/schema\\\/person\\\/c3e2cf838120cb622df1cd5cca9609f2\",\"name\":\"Michela\",\"image\":{\"@type\":\"ImageObject\",\"inLanguage\":\"de\",\"@id\":\"https:\\\/\\\/secure.gravatar.com\\\/avatar\\\/58610bec40f796fcc3113f029b7e5d6f5bdb23826ac28a07f9aced03e821bb28?s=96&d=mm&r=g\",\"url\":\"https:\\\/\\\/secure.gravatar.com\\\/avatar\\\/58610bec40f796fcc3113f029b7e5d6f5bdb23826ac28a07f9aced03e821bb28?s=96&d=mm&r=g\",\"contentUrl\":\"https:\\\/\\\/secure.gravatar.com\\\/avatar\\\/58610bec40f796fcc3113f029b7e5d6f5bdb23826ac28a07f9aced03e821bb28?s=96&d=mm&r=g\",\"caption\":\"Michela\"}}]}<\/script>\n<!-- \/ Yoast SEO plugin. -->","yoast_head_json":{"title":"Welttag gegen den L\u00e4rm: je lauter, desto k\u00fcrzer! - Zelger - Ihre H\u00f6rexperten","robots":{"index":"index","follow":"follow","max-snippet":"max-snippet:-1","max-image-preview":"max-image-preview:large","max-video-preview":"max-video-preview:-1"},"canonical":"https:\/\/www.zelger.it\/de\/welttag-gegen-den-larm-je-lauter-desto-kurzer\/","og_locale":"de_DE","og_type":"article","og_title":"Welttag gegen den L\u00e4rm: je lauter, desto k\u00fcrzer! - Zelger - Ihre H\u00f6rexperten","og_description":"Ob unser Geh\u00f6r in einer bestimmten Situation Schaden nimmt, h\u00e4ngt nicht davon ab, ob wir den Schall als unangenehm oder angenehm empfinden.&nbsp;Vielmehr sind Lautst\u00e4rke und Dauer&nbsp;der Belastung die ausschlaggebenden&nbsp;Faktoren. Grunds\u00e4tzlich wird es ab einem&nbsp;Schallpegel von 85 dB gef\u00e4hrlich&nbsp;f\u00fcr unsere Ohren. Je l\u00e4nger wir L\u00e4rm&nbsp;in diesem oder h\u00f6herem Ausma\u00df ausgesetzt&nbsp;sind, desto h\u00f6her ist das Risiko&nbsp;eines Geh\u00f6rschadens [&hellip;]","og_url":"https:\/\/www.zelger.it\/de\/welttag-gegen-den-larm-je-lauter-desto-kurzer\/","og_site_name":"Zelger - Ihre H\u00f6rexperten","article_publisher":"https:\/\/www.facebook.com\/zelger.it","article_published_time":"2023-05-08T16:38:09+00:00","article_modified_time":"2023-09-07T10:00:35+00:00","og_image":[{"width":1170,"height":658,"url":"https:\/\/www.zelger.it\/wp-content\/uploads\/2023\/05\/welttag-larm-1170x.jpg","type":"image\/jpeg"}],"author":"Michela","twitter_card":"summary_large_image","twitter_misc":{"Verfasst von":"Michela","Gesch\u00e4tzte Lesezeit":"2\u00a0Minuten"},"schema":{"@context":"https:\/\/schema.org","@graph":[{"@type":"Article","@id":"https:\/\/www.zelger.it\/de\/welttag-gegen-den-larm-je-lauter-desto-kurzer\/#article","isPartOf":{"@id":"https:\/\/www.zelger.it\/de\/welttag-gegen-den-larm-je-lauter-desto-kurzer\/"},"author":{"name":"Michela","@id":"https:\/\/www.zelger.it\/de\/#\/schema\/person\/c3e2cf838120cb622df1cd5cca9609f2"},"headline":"Welttag gegen den L\u00e4rm: je lauter, desto k\u00fcrzer!","datePublished":"2023-05-08T16:38:09+00:00","dateModified":"2023-09-07T10:00:35+00:00","mainEntityOfPage":{"@id":"https:\/\/www.zelger.it\/de\/welttag-gegen-den-larm-je-lauter-desto-kurzer\/"},"wordCount":507,"publisher":{"@id":"https:\/\/www.zelger.it\/de\/#organization"},"image":{"@id":"https:\/\/www.zelger.it\/de\/welttag-gegen-den-larm-je-lauter-desto-kurzer\/#primaryimage"},"thumbnailUrl":"https:\/\/www.zelger.it\/wp-content\/uploads\/2023\/05\/welttag-larm-1170x.jpg","articleSection":["News"],"inLanguage":"de"},{"@type":"WebPage","@id":"https:\/\/www.zelger.it\/de\/welttag-gegen-den-larm-je-lauter-desto-kurzer\/","url":"https:\/\/www.zelger.it\/de\/welttag-gegen-den-larm-je-lauter-desto-kurzer\/","name":"Welttag gegen den L\u00e4rm: je lauter, desto k\u00fcrzer! - Zelger - Ihre H\u00f6rexperten","isPartOf":{"@id":"https:\/\/www.zelger.it\/de\/#website"},"primaryImageOfPage":{"@id":"https:\/\/www.zelger.it\/de\/welttag-gegen-den-larm-je-lauter-desto-kurzer\/#primaryimage"},"image":{"@id":"https:\/\/www.zelger.it\/de\/welttag-gegen-den-larm-je-lauter-desto-kurzer\/#primaryimage"},"thumbnailUrl":"https:\/\/www.zelger.it\/wp-content\/uploads\/2023\/05\/welttag-larm-1170x.jpg","datePublished":"2023-05-08T16:38:09+00:00","dateModified":"2023-09-07T10:00:35+00:00","breadcrumb":{"@id":"https:\/\/www.zelger.it\/de\/welttag-gegen-den-larm-je-lauter-desto-kurzer\/#breadcrumb"},"inLanguage":"de","potentialAction":[{"@type":"ReadAction","target":["https:\/\/www.zelger.it\/de\/welttag-gegen-den-larm-je-lauter-desto-kurzer\/"]}]},{"@type":"ImageObject","inLanguage":"de","@id":"https:\/\/www.zelger.it\/de\/welttag-gegen-den-larm-je-lauter-desto-kurzer\/#primaryimage","url":"https:\/\/www.zelger.it\/wp-content\/uploads\/2023\/05\/welttag-larm-1170x.jpg","contentUrl":"https:\/\/www.zelger.it\/wp-content\/uploads\/2023\/05\/welttag-larm-1170x.jpg","width":1170,"height":658},{"@type":"BreadcrumbList","@id":"https:\/\/www.zelger.it\/de\/welttag-gegen-den-larm-je-lauter-desto-kurzer\/#breadcrumb","itemListElement":[{"@type":"ListItem","position":1,"name":"Home","item":"https:\/\/www.zelger.it\/de\/"},{"@type":"ListItem","position":2,"name":"Welttag gegen den L\u00e4rm: je lauter, desto k\u00fcrzer!"}]},{"@type":"WebSite","@id":"https:\/\/www.zelger.it\/de\/#website","url":"https:\/\/www.zelger.it\/de\/","name":"Zelger - Ihre H\u00f6rexperten","description":"Apparecchi acustici da Zelger | Esperti dell\u2019udito nel Nord Italia","publisher":{"@id":"https:\/\/www.zelger.it\/de\/#organization"},"potentialAction":[{"@type":"SearchAction","target":{"@type":"EntryPoint","urlTemplate":"https:\/\/www.zelger.it\/de\/?s={search_term_string}"},"query-input":{"@type":"PropertyValueSpecification","valueRequired":true,"valueName":"search_term_string"}}],"inLanguage":"de"},{"@type":"Organization","@id":"https:\/\/www.zelger.it\/de\/#organization","name":"Zelger Srl","url":"https:\/\/www.zelger.it\/de\/","logo":{"@type":"ImageObject","inLanguage":"de","@id":"https:\/\/www.zelger.it\/de\/#\/schema\/logo\/image\/","url":"https:\/\/www.zelger.it\/wp-content\/uploads\/2023\/03\/Logo_it.svg","contentUrl":"https:\/\/www.zelger.it\/wp-content\/uploads\/2023\/03\/Logo_it.svg","caption":"Zelger Srl"},"image":{"@id":"https:\/\/www.zelger.it\/de\/#\/schema\/logo\/image\/"},"sameAs":["https:\/\/www.facebook.com\/zelger.it","https:\/\/www.youtube.com\/channel\/UCElzmntcVyuS8eWah3Ut8GA"]},{"@type":"Person","@id":"https:\/\/www.zelger.it\/de\/#\/schema\/person\/c3e2cf838120cb622df1cd5cca9609f2","name":"Michela","image":{"@type":"ImageObject","inLanguage":"de","@id":"https:\/\/secure.gravatar.com\/avatar\/58610bec40f796fcc3113f029b7e5d6f5bdb23826ac28a07f9aced03e821bb28?s=96&d=mm&r=g","url":"https:\/\/secure.gravatar.com\/avatar\/58610bec40f796fcc3113f029b7e5d6f5bdb23826ac28a07f9aced03e821bb28?s=96&d=mm&r=g","contentUrl":"https:\/\/secure.gravatar.com\/avatar\/58610bec40f796fcc3113f029b7e5d6f5bdb23826ac28a07f9aced03e821bb28?s=96&d=mm&r=g","caption":"Michela"}}]}},"_links":{"self":[{"href":"https:\/\/www.zelger.it\/de\/wp-json\/wp\/v2\/posts\/4665","targetHints":{"allow":["GET"]}}],"collection":[{"href":"https:\/\/www.zelger.it\/de\/wp-json\/wp\/v2\/posts"}],"about":[{"href":"https:\/\/www.zelger.it\/de\/wp-json\/wp\/v2\/types\/post"}],"author":[{"embeddable":true,"href":"https:\/\/www.zelger.it\/de\/wp-json\/wp\/v2\/users\/2"}],"replies":[{"embeddable":true,"href":"https:\/\/www.zelger.it\/de\/wp-json\/wp\/v2\/comments?post=4665"}],"version-history":[{"count":0,"href":"https:\/\/www.zelger.it\/de\/wp-json\/wp\/v2\/posts\/4665\/revisions"}],"wp:featuredmedia":[{"embeddable":true,"href":"https:\/\/www.zelger.it\/de\/wp-json\/wp\/v2\/media\/4338"}],"wp:attachment":[{"href":"https:\/\/www.zelger.it\/de\/wp-json\/wp\/v2\/media?parent=4665"}],"wp:term":[{"taxonomy":"category","embeddable":true,"href":"https:\/\/www.zelger.it\/de\/wp-json\/wp\/v2\/categories?post=4665"},{"taxonomy":"post_tag","embeddable":true,"href":"https:\/\/www.zelger.it\/de\/wp-json\/wp\/v2\/tags?post=4665"}],"curies":[{"name":"wp","href":"https:\/\/api.w.org\/{rel}","templated":true}]}}