{"id":4611,"date":"2023-05-09T16:29:43","date_gmt":"2023-05-09T14:29:43","guid":{"rendered":"https:\/\/zelger.it\/un-buon-udito-tiene-la-mente-in-forma\/"},"modified":"2023-09-07T10:55:31","modified_gmt":"2023-09-07T08:55:31","slug":"horen-halt-das-gehirn-auf-trab","status":"publish","type":"post","link":"https:\/\/www.zelger.it\/de\/horen-halt-das-gehirn-auf-trab\/","title":{"rendered":"H\u00f6ren h\u00e4lt das Gehirn auf Trab"},"content":{"rendered":"\n<p>Jeder von uns hat schon einmal einen&nbsp;Namen oder Termin vergessen, Gegenst\u00e4nde&nbsp;verlegt oder Sachverhalte&nbsp;durcheinander gebracht. Mit zunehmendem&nbsp;Alter kann uns das <strong>Ged\u00e4chtnis<\/strong> \u00f6fter im&nbsp;Stich lassen. Das geh\u00f6rt zum normalen Alterungsprozess. \u00c4ltere Menschen&nbsp;sind unkonzentrierter und vergessen deshalb leichter. Auch ein <strong>H\u00f6rverlust <\/strong>kann daf\u00fcr verantwortlich sein, dass die Erinnerung im entscheidenden Moment&nbsp;fehlt. Solange unser Ged\u00e4chtnis&nbsp;nur gelegentlich streikt, stellt das noch keinen Grund zur Sorge dar. Zeigen sich&nbsp;die Ged\u00e4chtnisst\u00f6rungen jedoch \u00fcber einen l\u00e4ngeren Zeitraum oder beeintr\u00e4chtigen gar die vertrauten Alltagsabl\u00e4ufe,&nbsp;k\u00f6nnte dies auf eine Demenz&nbsp;hindeuten. Dann ist eine Abkl\u00e4rung beim Arzt ratsam.<br><br><strong>Risikofaktor Schwerh\u00f6rigkeit&nbsp;<br><\/strong>Neben hohem Lebensalter, \u00dcbergewicht und kardiovaskulare Faktoren wie Bluthochdruck und Diabetes geh\u00f6rt auch Schwerh\u00f6rigkeit zu den Risikofaktoren, die <strong>Demenz<\/strong> beg\u00fcnstigen. Im Vergleich zu Normalh\u00f6renden haben \u00e4ltere Menschen mit<strong> unbehandeltem H\u00f6rverlust<\/strong> ein um 50% h\u00f6heres Risiko an Demenz zu erkranken und ein um 40% h\u00f6heres Risiko, eine Depression zu entwickeln. Insbesondere schwerh\u00f6rige Menschen,&nbsp;die oft alleine sind, haben ein erh\u00f6htes Demenzrisiko im Vergleich zu Personen, die \u00fcber ein gutes soziales Netzwerk&nbsp;verf\u00fcgen. Die gro\u00dfe Mehrheit der Wissenschaftler&nbsp;ist sich einig, dass dies auf den<strong> Mangel an sozialer Interaktion<\/strong> zur\u00fcckzuf\u00fchren&nbsp;ist, den \u00e4ltere Menschen aufgrund ihres H\u00f6rverlustes erleiden.<br><br><strong>Plaudern h\u00e4lt fit&nbsp;<br><\/strong>Der Kontakt mit anderen Menschen&nbsp;regt die neuronalen Verbindungen im&nbsp;Gehirn an. H\u00f6rgeminderte Menschen,&nbsp;die sich nicht mit H\u00f6rsystemen versorgen&nbsp;lassen, haben aber meistens Schwierigkeiten, sich mit anderen zu unterhalten und ziehen sich in der Folge&nbsp;immer mehr aus dem <strong>Sozialleben<\/strong>&nbsp;zur\u00fcck. Ihre Schwerh\u00f6rigkeit hindert sie daran, an Gruppenaktivit\u00e4ten wie<br>Vereins- oder Seniorentreffen, Sport- oder&nbsp;Freizeitgruppen teilzunehmen oder Freundschaften zu pflegen. Langzeitstudien best\u00e4tigen, dass sich eine&nbsp;<strong>H\u00f6rsystemversorgung <\/strong>positiv auf das Kommunikationsverhalten und damit auf das Sozialleben des Tr\u00e4gers auswirkt.&nbsp;Dies wiederum verbessert das<strong>&nbsp;allgemeine Wohlbefinden<\/strong> und st\u00e4rkt das Gef\u00fchl, Teil einer Gemeinschaft zu<br>sein.&nbsp;<br><br><strong>H\u00f6rsysteme zeigen Wirkung<br><\/strong>Wer H\u00f6rsysteme tr\u00e4gt, ist sich deren Vorz\u00fcge sehr wohl bewusst. Die Mehrheit der H\u00f6rsystemnutzer jedenfalls wei\u00df die<strong>&nbsp;positiven Auswirkungen<\/strong> ihrer H\u00f6rhilfen&nbsp;zu sch\u00e4tzen \u2013 und auch beim Namen zu nennen. In der EuroTrak-Studie Italien 2018 gaben 97% von 509 befragten&nbsp;H\u00f6rsystemtr\u00e4gern an, dass sie durch das Tragen der H\u00f6rger\u00e4te ihre <strong>Lebensqualit\u00e4&nbsp;<\/strong>steigern konnten. Verbesserungen&nbsp;nahmen sie vor allem in der <strong>Kommunikation<\/strong>,&nbsp;im Sicherheitsempfinden, in den zwischenmenschlichen Beziehungen in h\u00e4uslicher Umgebung und bei der Teilnahme an <strong>Gruppenaktivit\u00e4ten <\/strong>wahr.<br><br>Dabei steht die <strong>Zufriedenheit mit&nbsp;den H\u00f6rhilfen<\/strong> in direktem Zusammenhang&nbsp;mit der Tragedauer: Je l\u00e4nger die&nbsp;H\u00f6rsysteme t\u00e4glich getragen wurden&nbsp;und je k\u00fcrzer deren Lebensdauer war, desto zufriedener zeigten sich die Nutzer. 72% der befragten H\u00f6rsystemtr\u00e4ger bereuten es zudem, sich nicht fr\u00fcher f\u00fcr&nbsp;eine H\u00f6rsystemversorgung entschieden zu haben, da sie damit inzwischen ein&nbsp;aktiveres soziales Leben und mentales&nbsp;wie emotionales Wohlbefinden verbinden. Insgesamt nahm die Zufriedenheit&nbsp;2018 gegen\u00fcber 2015 noch zu.<\/p>\n\n\n\n<figure class=\"wp-block-image size-full\"><img fetchpriority=\"high\" decoding=\"async\" width=\"370\" height=\"370\" src=\"https:\/\/zelger.it\/wp-content\/uploads\/2023\/05\/opn-rund-480x395-1.jpg\" alt=\"\" class=\"wp-image-3299\" srcset=\"https:\/\/www.zelger.it\/wp-content\/uploads\/2023\/05\/opn-rund-480x395-1.jpg 370w, https:\/\/www.zelger.it\/wp-content\/uploads\/2023\/05\/opn-rund-480x395-1-300x300.jpg 300w, https:\/\/www.zelger.it\/wp-content\/uploads\/2023\/05\/opn-rund-480x395-1-150x150.jpg 150w\" sizes=\"(max-width: 370px) 100vw, 370px\" \/><\/figure>\n","protected":false},"excerpt":{"rendered":"<p>Jeder von uns hat schon einmal einen&nbsp;Namen oder Termin vergessen, Gegenst\u00e4nde&nbsp;verlegt oder Sachverhalte&nbsp;durcheinander gebracht. Mit zunehmendem&nbsp;Alter kann uns das Ged\u00e4chtnis \u00f6fter im&nbsp;Stich lassen. Das geh\u00f6rt zum normalen Alterungsprozess. \u00c4ltere Menschen&nbsp;sind unkonzentrierter und vergessen deshalb leichter. Auch ein H\u00f6rverlust kann daf\u00fcr verantwortlich sein, dass die Erinnerung im entscheidenden Moment&nbsp;fehlt. Solange unser Ged\u00e4chtnis&nbsp;nur gelegentlich streikt, stellt das [&hellip;]<\/p>\n","protected":false},"author":2,"featured_media":4366,"comment_status":"closed","ping_status":"closed","sticky":false,"template":"","format":"standard","meta":{"site-sidebar-layout":"default","site-content-layout":"","ast-site-content-layout":"default","site-content-style":"default","site-sidebar-style":"default","ast-global-header-display":"","ast-banner-title-visibility":"","ast-main-header-display":"","ast-hfb-above-header-display":"","ast-hfb-below-header-display":"","ast-hfb-mobile-header-display":"","site-post-title":"","ast-breadcrumbs-content":"","ast-featured-img":"","footer-sml-layout":"","ast-disable-related-posts":"","theme-transparent-header-meta":"","adv-header-id-meta":"","stick-header-meta":"","header-above-stick-meta":"","header-main-stick-meta":"","header-below-stick-meta":"","astra-migrate-meta-layouts":"set","ast-page-background-enabled":"default","ast-page-background-meta":{"desktop":{"background-color":"var(--ast-global-color-4)","background-image":"","background-repeat":"repeat","background-position":"center center","background-size":"auto","background-attachment":"scroll","background-type":"","background-media":"","overlay-type":"","overlay-color":"","overlay-opacity":"","overlay-gradient":""},"tablet":{"background-color":"","background-image":"","background-repeat":"repeat","background-position":"center center","background-size":"auto","background-attachment":"scroll","background-type":"","background-media":"","overlay-type":"","overlay-color":"","overlay-opacity":"","overlay-gradient":""},"mobile":{"background-color":"","background-image":"","background-repeat":"repeat","background-position":"center center","background-size":"auto","background-attachment":"scroll","background-type":"","background-media":"","overlay-type":"","overlay-color":"","overlay-opacity":"","overlay-gradient":""}},"ast-content-background-meta":{"desktop":{"background-color":"var(--ast-global-color-5)","background-image":"","background-repeat":"repeat","background-position":"center center","background-size":"auto","background-attachment":"scroll","background-type":"","background-media":"","overlay-type":"","overlay-color":"","overlay-opacity":"","overlay-gradient":""},"tablet":{"background-color":"var(--ast-global-color-5)","background-image":"","background-repeat":"repeat","background-position":"center center","background-size":"auto","background-attachment":"scroll","background-type":"","background-media":"","overlay-type":"","overlay-color":"","overlay-opacity":"","overlay-gradient":""},"mobile":{"background-color":"var(--ast-global-color-5)","background-image":"","background-repeat":"repeat","background-position":"center center","background-size":"auto","background-attachment":"scroll","background-type":"","background-media":"","overlay-type":"","overlay-color":"","overlay-opacity":"","overlay-gradient":""}},"footnotes":""},"categories":[50],"tags":[],"class_list":["post-4611","post","type-post","status-publish","format-standard","has-post-thumbnail","hentry","category-produkte"],"yoast_head":"<!-- This site is optimized with the Yoast SEO plugin v27.4 - https:\/\/yoast.com\/product\/yoast-seo-wordpress\/ -->\n<title>H\u00f6ren h\u00e4lt das Gehirn auf Trab - Zelger - Ihre H\u00f6rexperten<\/title>\n<meta name=\"robots\" content=\"index, follow, max-snippet:-1, max-image-preview:large, max-video-preview:-1\" \/>\n<link rel=\"canonical\" href=\"https:\/\/www.zelger.it\/de\/horen-halt-das-gehirn-auf-trab\/\" \/>\n<meta property=\"og:locale\" content=\"de_DE\" \/>\n<meta property=\"og:type\" content=\"article\" \/>\n<meta property=\"og:title\" content=\"H\u00f6ren h\u00e4lt das Gehirn auf Trab - Zelger - Ihre H\u00f6rexperten\" \/>\n<meta property=\"og:description\" content=\"Jeder von uns hat schon einmal einen&nbsp;Namen oder Termin vergessen, Gegenst\u00e4nde&nbsp;verlegt oder Sachverhalte&nbsp;durcheinander gebracht. Mit zunehmendem&nbsp;Alter kann uns das Ged\u00e4chtnis \u00f6fter im&nbsp;Stich lassen. Das geh\u00f6rt zum normalen Alterungsprozess. \u00c4ltere Menschen&nbsp;sind unkonzentrierter und vergessen deshalb leichter. Auch ein H\u00f6rverlust kann daf\u00fcr verantwortlich sein, dass die Erinnerung im entscheidenden Moment&nbsp;fehlt. Solange unser Ged\u00e4chtnis&nbsp;nur gelegentlich streikt, stellt das [&hellip;]\" \/>\n<meta property=\"og:url\" content=\"https:\/\/www.zelger.it\/de\/horen-halt-das-gehirn-auf-trab\/\" \/>\n<meta property=\"og:site_name\" content=\"Zelger - Ihre H\u00f6rexperten\" \/>\n<meta property=\"article:publisher\" content=\"https:\/\/www.facebook.com\/zelger.it\" \/>\n<meta property=\"article:published_time\" content=\"2023-05-09T14:29:43+00:00\" \/>\n<meta property=\"article:modified_time\" content=\"2023-09-07T08:55:31+00:00\" \/>\n<meta property=\"og:image\" content=\"https:\/\/www.zelger.it\/wp-content\/uploads\/2023\/05\/donna-1170x480-1.jpg\" \/>\n\t<meta property=\"og:image:width\" content=\"1170\" \/>\n\t<meta property=\"og:image:height\" content=\"658\" \/>\n\t<meta property=\"og:image:type\" content=\"image\/jpeg\" \/>\n<meta name=\"author\" content=\"Michela\" \/>\n<meta name=\"twitter:card\" content=\"summary_large_image\" \/>\n<meta name=\"twitter:label1\" content=\"Verfasst von\" \/>\n\t<meta name=\"twitter:data1\" content=\"Michela\" \/>\n\t<meta name=\"twitter:label2\" content=\"Gesch\u00e4tzte Lesezeit\" \/>\n\t<meta name=\"twitter:data2\" content=\"3\u00a0Minuten\" \/>\n<script type=\"application\/ld+json\" class=\"yoast-schema-graph\">{\"@context\":\"https:\\\/\\\/schema.org\",\"@graph\":[{\"@type\":\"Article\",\"@id\":\"https:\\\/\\\/www.zelger.it\\\/de\\\/horen-halt-das-gehirn-auf-trab\\\/#article\",\"isPartOf\":{\"@id\":\"https:\\\/\\\/www.zelger.it\\\/de\\\/horen-halt-das-gehirn-auf-trab\\\/\"},\"author\":{\"name\":\"Michela\",\"@id\":\"https:\\\/\\\/www.zelger.it\\\/de\\\/#\\\/schema\\\/person\\\/c3e2cf838120cb622df1cd5cca9609f2\"},\"headline\":\"H\u00f6ren h\u00e4lt das Gehirn auf Trab\",\"datePublished\":\"2023-05-09T14:29:43+00:00\",\"dateModified\":\"2023-09-07T08:55:31+00:00\",\"mainEntityOfPage\":{\"@id\":\"https:\\\/\\\/www.zelger.it\\\/de\\\/horen-halt-das-gehirn-auf-trab\\\/\"},\"wordCount\":545,\"publisher\":{\"@id\":\"https:\\\/\\\/www.zelger.it\\\/de\\\/#organization\"},\"image\":{\"@id\":\"https:\\\/\\\/www.zelger.it\\\/de\\\/horen-halt-das-gehirn-auf-trab\\\/#primaryimage\"},\"thumbnailUrl\":\"https:\\\/\\\/www.zelger.it\\\/wp-content\\\/uploads\\\/2023\\\/05\\\/donna-1170x480-1.jpg\",\"articleSection\":[\"Produkte\"],\"inLanguage\":\"de\"},{\"@type\":\"WebPage\",\"@id\":\"https:\\\/\\\/www.zelger.it\\\/de\\\/horen-halt-das-gehirn-auf-trab\\\/\",\"url\":\"https:\\\/\\\/www.zelger.it\\\/de\\\/horen-halt-das-gehirn-auf-trab\\\/\",\"name\":\"H\u00f6ren h\u00e4lt das Gehirn auf Trab - Zelger - Ihre H\u00f6rexperten\",\"isPartOf\":{\"@id\":\"https:\\\/\\\/www.zelger.it\\\/de\\\/#website\"},\"primaryImageOfPage\":{\"@id\":\"https:\\\/\\\/www.zelger.it\\\/de\\\/horen-halt-das-gehirn-auf-trab\\\/#primaryimage\"},\"image\":{\"@id\":\"https:\\\/\\\/www.zelger.it\\\/de\\\/horen-halt-das-gehirn-auf-trab\\\/#primaryimage\"},\"thumbnailUrl\":\"https:\\\/\\\/www.zelger.it\\\/wp-content\\\/uploads\\\/2023\\\/05\\\/donna-1170x480-1.jpg\",\"datePublished\":\"2023-05-09T14:29:43+00:00\",\"dateModified\":\"2023-09-07T08:55:31+00:00\",\"breadcrumb\":{\"@id\":\"https:\\\/\\\/www.zelger.it\\\/de\\\/horen-halt-das-gehirn-auf-trab\\\/#breadcrumb\"},\"inLanguage\":\"de\",\"potentialAction\":[{\"@type\":\"ReadAction\",\"target\":[\"https:\\\/\\\/www.zelger.it\\\/de\\\/horen-halt-das-gehirn-auf-trab\\\/\"]}]},{\"@type\":\"ImageObject\",\"inLanguage\":\"de\",\"@id\":\"https:\\\/\\\/www.zelger.it\\\/de\\\/horen-halt-das-gehirn-auf-trab\\\/#primaryimage\",\"url\":\"https:\\\/\\\/www.zelger.it\\\/wp-content\\\/uploads\\\/2023\\\/05\\\/donna-1170x480-1.jpg\",\"contentUrl\":\"https:\\\/\\\/www.zelger.it\\\/wp-content\\\/uploads\\\/2023\\\/05\\\/donna-1170x480-1.jpg\",\"width\":1170,\"height\":658},{\"@type\":\"BreadcrumbList\",\"@id\":\"https:\\\/\\\/www.zelger.it\\\/de\\\/horen-halt-das-gehirn-auf-trab\\\/#breadcrumb\",\"itemListElement\":[{\"@type\":\"ListItem\",\"position\":1,\"name\":\"Home\",\"item\":\"https:\\\/\\\/www.zelger.it\\\/de\\\/\"},{\"@type\":\"ListItem\",\"position\":2,\"name\":\"H\u00f6ren h\u00e4lt das Gehirn auf Trab\"}]},{\"@type\":\"WebSite\",\"@id\":\"https:\\\/\\\/www.zelger.it\\\/de\\\/#website\",\"url\":\"https:\\\/\\\/www.zelger.it\\\/de\\\/\",\"name\":\"Zelger - Ihre H\u00f6rexperten\",\"description\":\"Apparecchi acustici da Zelger | Esperti dell\u2019udito nel Nord Italia\",\"publisher\":{\"@id\":\"https:\\\/\\\/www.zelger.it\\\/de\\\/#organization\"},\"potentialAction\":[{\"@type\":\"SearchAction\",\"target\":{\"@type\":\"EntryPoint\",\"urlTemplate\":\"https:\\\/\\\/www.zelger.it\\\/de\\\/?s={search_term_string}\"},\"query-input\":{\"@type\":\"PropertyValueSpecification\",\"valueRequired\":true,\"valueName\":\"search_term_string\"}}],\"inLanguage\":\"de\"},{\"@type\":\"Organization\",\"@id\":\"https:\\\/\\\/www.zelger.it\\\/de\\\/#organization\",\"name\":\"Zelger Srl\",\"url\":\"https:\\\/\\\/www.zelger.it\\\/de\\\/\",\"logo\":{\"@type\":\"ImageObject\",\"inLanguage\":\"de\",\"@id\":\"https:\\\/\\\/www.zelger.it\\\/de\\\/#\\\/schema\\\/logo\\\/image\\\/\",\"url\":\"https:\\\/\\\/www.zelger.it\\\/wp-content\\\/uploads\\\/2023\\\/03\\\/Logo_it.svg\",\"contentUrl\":\"https:\\\/\\\/www.zelger.it\\\/wp-content\\\/uploads\\\/2023\\\/03\\\/Logo_it.svg\",\"caption\":\"Zelger Srl\"},\"image\":{\"@id\":\"https:\\\/\\\/www.zelger.it\\\/de\\\/#\\\/schema\\\/logo\\\/image\\\/\"},\"sameAs\":[\"https:\\\/\\\/www.facebook.com\\\/zelger.it\",\"https:\\\/\\\/www.youtube.com\\\/channel\\\/UCElzmntcVyuS8eWah3Ut8GA\"]},{\"@type\":\"Person\",\"@id\":\"https:\\\/\\\/www.zelger.it\\\/de\\\/#\\\/schema\\\/person\\\/c3e2cf838120cb622df1cd5cca9609f2\",\"name\":\"Michela\",\"image\":{\"@type\":\"ImageObject\",\"inLanguage\":\"de\",\"@id\":\"https:\\\/\\\/secure.gravatar.com\\\/avatar\\\/58610bec40f796fcc3113f029b7e5d6f5bdb23826ac28a07f9aced03e821bb28?s=96&d=mm&r=g\",\"url\":\"https:\\\/\\\/secure.gravatar.com\\\/avatar\\\/58610bec40f796fcc3113f029b7e5d6f5bdb23826ac28a07f9aced03e821bb28?s=96&d=mm&r=g\",\"contentUrl\":\"https:\\\/\\\/secure.gravatar.com\\\/avatar\\\/58610bec40f796fcc3113f029b7e5d6f5bdb23826ac28a07f9aced03e821bb28?s=96&d=mm&r=g\",\"caption\":\"Michela\"}}]}<\/script>\n<!-- \/ Yoast SEO plugin. -->","yoast_head_json":{"title":"H\u00f6ren h\u00e4lt das Gehirn auf Trab - Zelger - Ihre H\u00f6rexperten","robots":{"index":"index","follow":"follow","max-snippet":"max-snippet:-1","max-image-preview":"max-image-preview:large","max-video-preview":"max-video-preview:-1"},"canonical":"https:\/\/www.zelger.it\/de\/horen-halt-das-gehirn-auf-trab\/","og_locale":"de_DE","og_type":"article","og_title":"H\u00f6ren h\u00e4lt das Gehirn auf Trab - Zelger - Ihre H\u00f6rexperten","og_description":"Jeder von uns hat schon einmal einen&nbsp;Namen oder Termin vergessen, Gegenst\u00e4nde&nbsp;verlegt oder Sachverhalte&nbsp;durcheinander gebracht. Mit zunehmendem&nbsp;Alter kann uns das Ged\u00e4chtnis \u00f6fter im&nbsp;Stich lassen. Das geh\u00f6rt zum normalen Alterungsprozess. \u00c4ltere Menschen&nbsp;sind unkonzentrierter und vergessen deshalb leichter. Auch ein H\u00f6rverlust kann daf\u00fcr verantwortlich sein, dass die Erinnerung im entscheidenden Moment&nbsp;fehlt. Solange unser Ged\u00e4chtnis&nbsp;nur gelegentlich streikt, stellt das [&hellip;]","og_url":"https:\/\/www.zelger.it\/de\/horen-halt-das-gehirn-auf-trab\/","og_site_name":"Zelger - Ihre H\u00f6rexperten","article_publisher":"https:\/\/www.facebook.com\/zelger.it","article_published_time":"2023-05-09T14:29:43+00:00","article_modified_time":"2023-09-07T08:55:31+00:00","og_image":[{"width":1170,"height":658,"url":"https:\/\/www.zelger.it\/wp-content\/uploads\/2023\/05\/donna-1170x480-1.jpg","type":"image\/jpeg"}],"author":"Michela","twitter_card":"summary_large_image","twitter_misc":{"Verfasst von":"Michela","Gesch\u00e4tzte Lesezeit":"3\u00a0Minuten"},"schema":{"@context":"https:\/\/schema.org","@graph":[{"@type":"Article","@id":"https:\/\/www.zelger.it\/de\/horen-halt-das-gehirn-auf-trab\/#article","isPartOf":{"@id":"https:\/\/www.zelger.it\/de\/horen-halt-das-gehirn-auf-trab\/"},"author":{"name":"Michela","@id":"https:\/\/www.zelger.it\/de\/#\/schema\/person\/c3e2cf838120cb622df1cd5cca9609f2"},"headline":"H\u00f6ren h\u00e4lt das Gehirn auf Trab","datePublished":"2023-05-09T14:29:43+00:00","dateModified":"2023-09-07T08:55:31+00:00","mainEntityOfPage":{"@id":"https:\/\/www.zelger.it\/de\/horen-halt-das-gehirn-auf-trab\/"},"wordCount":545,"publisher":{"@id":"https:\/\/www.zelger.it\/de\/#organization"},"image":{"@id":"https:\/\/www.zelger.it\/de\/horen-halt-das-gehirn-auf-trab\/#primaryimage"},"thumbnailUrl":"https:\/\/www.zelger.it\/wp-content\/uploads\/2023\/05\/donna-1170x480-1.jpg","articleSection":["Produkte"],"inLanguage":"de"},{"@type":"WebPage","@id":"https:\/\/www.zelger.it\/de\/horen-halt-das-gehirn-auf-trab\/","url":"https:\/\/www.zelger.it\/de\/horen-halt-das-gehirn-auf-trab\/","name":"H\u00f6ren h\u00e4lt das Gehirn auf Trab - Zelger - Ihre H\u00f6rexperten","isPartOf":{"@id":"https:\/\/www.zelger.it\/de\/#website"},"primaryImageOfPage":{"@id":"https:\/\/www.zelger.it\/de\/horen-halt-das-gehirn-auf-trab\/#primaryimage"},"image":{"@id":"https:\/\/www.zelger.it\/de\/horen-halt-das-gehirn-auf-trab\/#primaryimage"},"thumbnailUrl":"https:\/\/www.zelger.it\/wp-content\/uploads\/2023\/05\/donna-1170x480-1.jpg","datePublished":"2023-05-09T14:29:43+00:00","dateModified":"2023-09-07T08:55:31+00:00","breadcrumb":{"@id":"https:\/\/www.zelger.it\/de\/horen-halt-das-gehirn-auf-trab\/#breadcrumb"},"inLanguage":"de","potentialAction":[{"@type":"ReadAction","target":["https:\/\/www.zelger.it\/de\/horen-halt-das-gehirn-auf-trab\/"]}]},{"@type":"ImageObject","inLanguage":"de","@id":"https:\/\/www.zelger.it\/de\/horen-halt-das-gehirn-auf-trab\/#primaryimage","url":"https:\/\/www.zelger.it\/wp-content\/uploads\/2023\/05\/donna-1170x480-1.jpg","contentUrl":"https:\/\/www.zelger.it\/wp-content\/uploads\/2023\/05\/donna-1170x480-1.jpg","width":1170,"height":658},{"@type":"BreadcrumbList","@id":"https:\/\/www.zelger.it\/de\/horen-halt-das-gehirn-auf-trab\/#breadcrumb","itemListElement":[{"@type":"ListItem","position":1,"name":"Home","item":"https:\/\/www.zelger.it\/de\/"},{"@type":"ListItem","position":2,"name":"H\u00f6ren h\u00e4lt das Gehirn auf Trab"}]},{"@type":"WebSite","@id":"https:\/\/www.zelger.it\/de\/#website","url":"https:\/\/www.zelger.it\/de\/","name":"Zelger - Ihre H\u00f6rexperten","description":"Apparecchi acustici da Zelger | Esperti dell\u2019udito nel Nord Italia","publisher":{"@id":"https:\/\/www.zelger.it\/de\/#organization"},"potentialAction":[{"@type":"SearchAction","target":{"@type":"EntryPoint","urlTemplate":"https:\/\/www.zelger.it\/de\/?s={search_term_string}"},"query-input":{"@type":"PropertyValueSpecification","valueRequired":true,"valueName":"search_term_string"}}],"inLanguage":"de"},{"@type":"Organization","@id":"https:\/\/www.zelger.it\/de\/#organization","name":"Zelger Srl","url":"https:\/\/www.zelger.it\/de\/","logo":{"@type":"ImageObject","inLanguage":"de","@id":"https:\/\/www.zelger.it\/de\/#\/schema\/logo\/image\/","url":"https:\/\/www.zelger.it\/wp-content\/uploads\/2023\/03\/Logo_it.svg","contentUrl":"https:\/\/www.zelger.it\/wp-content\/uploads\/2023\/03\/Logo_it.svg","caption":"Zelger Srl"},"image":{"@id":"https:\/\/www.zelger.it\/de\/#\/schema\/logo\/image\/"},"sameAs":["https:\/\/www.facebook.com\/zelger.it","https:\/\/www.youtube.com\/channel\/UCElzmntcVyuS8eWah3Ut8GA"]},{"@type":"Person","@id":"https:\/\/www.zelger.it\/de\/#\/schema\/person\/c3e2cf838120cb622df1cd5cca9609f2","name":"Michela","image":{"@type":"ImageObject","inLanguage":"de","@id":"https:\/\/secure.gravatar.com\/avatar\/58610bec40f796fcc3113f029b7e5d6f5bdb23826ac28a07f9aced03e821bb28?s=96&d=mm&r=g","url":"https:\/\/secure.gravatar.com\/avatar\/58610bec40f796fcc3113f029b7e5d6f5bdb23826ac28a07f9aced03e821bb28?s=96&d=mm&r=g","contentUrl":"https:\/\/secure.gravatar.com\/avatar\/58610bec40f796fcc3113f029b7e5d6f5bdb23826ac28a07f9aced03e821bb28?s=96&d=mm&r=g","caption":"Michela"}}]}},"_links":{"self":[{"href":"https:\/\/www.zelger.it\/de\/wp-json\/wp\/v2\/posts\/4611","targetHints":{"allow":["GET"]}}],"collection":[{"href":"https:\/\/www.zelger.it\/de\/wp-json\/wp\/v2\/posts"}],"about":[{"href":"https:\/\/www.zelger.it\/de\/wp-json\/wp\/v2\/types\/post"}],"author":[{"embeddable":true,"href":"https:\/\/www.zelger.it\/de\/wp-json\/wp\/v2\/users\/2"}],"replies":[{"embeddable":true,"href":"https:\/\/www.zelger.it\/de\/wp-json\/wp\/v2\/comments?post=4611"}],"version-history":[{"count":0,"href":"https:\/\/www.zelger.it\/de\/wp-json\/wp\/v2\/posts\/4611\/revisions"}],"wp:featuredmedia":[{"embeddable":true,"href":"https:\/\/www.zelger.it\/de\/wp-json\/wp\/v2\/media\/4366"}],"wp:attachment":[{"href":"https:\/\/www.zelger.it\/de\/wp-json\/wp\/v2\/media?parent=4611"}],"wp:term":[{"taxonomy":"category","embeddable":true,"href":"https:\/\/www.zelger.it\/de\/wp-json\/wp\/v2\/categories?post=4611"},{"taxonomy":"post_tag","embeddable":true,"href":"https:\/\/www.zelger.it\/de\/wp-json\/wp\/v2\/tags?post=4611"}],"curies":[{"name":"wp","href":"https:\/\/api.w.org\/{rel}","templated":true}]}}