{"id":11586,"date":"2025-06-27T13:47:40","date_gmt":"2025-06-27T11:47:40","guid":{"rendered":"https:\/\/www.zelger.it\/?p=11586"},"modified":"2025-07-30T11:50:41","modified_gmt":"2025-07-30T09:50:41","slug":"erste-anzeichen-von-hoerproblemen-so-erkennst-du-sie-fruehzeitig","status":"publish","type":"post","link":"https:\/\/www.zelger.it\/de\/erste-anzeichen-von-hoerproblemen-so-erkennst-du-sie-fruehzeitig\/","title":{"rendered":"Erste Anzeichen von H\u00f6rproblemen: So erkennst du sie fr\u00fchzeitig"},"content":{"rendered":"\t\t<div data-elementor-type=\"wp-post\" data-elementor-id=\"11586\" class=\"elementor elementor-11586 elementor-11579\" data-elementor-post-type=\"post\">\n\t\t\t\t<div class=\"elementor-element elementor-element-08a11e8 e-flex e-con-boxed e-con e-parent\" data-id=\"08a11e8\" data-element_type=\"container\" data-e-type=\"container\" data-settings=\"{&quot;jet_parallax_layout_list&quot;:[]}\">\n\t\t\t\t\t<div class=\"e-con-inner\">\n\t\t\t\t<div class=\"elementor-element elementor-element-03ab7a6 elementor-widget elementor-widget-heading\" data-id=\"03ab7a6\" data-element_type=\"widget\" data-e-type=\"widget\" data-widget_type=\"heading.default\">\n\t\t\t\t<div class=\"elementor-widget-container\">\n\t\t\t\t\t<h2 class=\"elementor-heading-title elementor-size-default\">Erste Anzeichen von H\u00f6rproblemen: So erkennst du sie fr\u00fchzeitig<\/h2>\t\t\t\t<\/div>\n\t\t\t\t<\/div>\n\t\t\t\t\t<\/div>\n\t\t\t\t<\/div>\n\t\t<div class=\"elementor-element elementor-element-08d4450 e-flex e-con-boxed e-con e-parent\" data-id=\"08d4450\" data-element_type=\"container\" data-e-type=\"container\" data-settings=\"{&quot;jet_parallax_layout_list&quot;:[]}\">\n\t\t\t\t\t<div class=\"e-con-inner\">\n\t\t\t\t<div class=\"elementor-element elementor-element-ad1f39e elementor-widget elementor-widget-text-editor\" data-id=\"ad1f39e\" data-element_type=\"widget\" data-e-type=\"widget\" data-widget_type=\"text-editor.default\">\n\t\t\t\t<div class=\"elementor-widget-container\">\n\t\t\t\t\t\t\t\t\t<p>Unser Geh\u00f6r ist ein wertvolles und sensibles Sinnesorgan. Es verbindet uns mit unserer Umwelt, erm\u00f6glicht Kommunikation und Lebensqualit\u00e4t. Doch gerade durch seine Empfindlichkeit ist es auch anf\u00e4llig f\u00fcr Belastungen \u2013 vor allem durch L\u00e4rm.<br \/><strong>Wie entstehen H\u00f6rprobleme?<br \/><\/strong>H\u00f6rprobleme k\u00f6nnen viele Ursachen haben. H\u00e4ufig sind sie die Folge von:<\/p><ul><li>pl\u00f6tzlichen lauten Ger\u00e4uschen, wie einem Knall oder einer Explosion<\/li><li>dauerhafter L\u00e4rmbelastung, etwa durch laute Musik oder Arbeitsl\u00e4rm<\/li><\/ul><p>In solchen F\u00e4llen kann ein akustisches Trauma entstehen. G\u00f6nnt man seinem Geh\u00f6r ausreichend Ruhe kann es sich Geh\u00f6r manchmal erholen \u2013 doch wenn der L\u00e4rm zu intensiv oder langanhaltend ist, k\u00f6nnen die Sinneszellen im Innenohr dauerhaft gesch\u00e4digt werden.<\/p><p><strong>Typische Folgen sind:<\/strong><\/p>\t\t\t\t\t\t\t\t<\/div>\n\t\t\t\t<\/div>\n\t\t\t\t\t<\/div>\n\t\t\t\t<\/div>\n\t\t<div class=\"elementor-element elementor-element-6a650ab e-flex e-con-boxed e-con e-parent\" data-id=\"6a650ab\" data-element_type=\"container\" data-e-type=\"container\" data-settings=\"{&quot;jet_parallax_layout_list&quot;:[]}\">\n\t\t\t\t\t<div class=\"e-con-inner\">\n\t\t\t\t<div class=\"elementor-element elementor-element-9c3efbc elementor-icon-list--layout-traditional elementor-list-item-link-full_width elementor-widget elementor-widget-icon-list\" data-id=\"9c3efbc\" data-element_type=\"widget\" data-e-type=\"widget\" data-widget_type=\"icon-list.default\">\n\t\t\t\t<div class=\"elementor-widget-container\">\n\t\t\t\t\t\t\t<ul class=\"elementor-icon-list-items\">\n\t\t\t\t\t\t\t<li class=\"elementor-icon-list-item\">\n\t\t\t\t\t\t\t\t\t\t\t<span class=\"elementor-icon-list-icon\">\n\t\t\t\t\t\t\t<svg aria-hidden=\"true\" class=\"e-font-icon-svg e-far-circle\" viewBox=\"0 0 512 512\" xmlns=\"http:\/\/www.w3.org\/2000\/svg\"><path d=\"M256 8C119 8 8 119 8 256s111 248 248 248 248-111 248-248S393 8 256 8zm0 448c-110.5 0-200-89.5-200-200S145.5 56 256 56s200 89.5 200 200-89.5 200-200 200z\"><\/path><\/svg>\t\t\t\t\t\t<\/span>\n\t\t\t\t\t\t\t\t\t\t<span class=\"elementor-icon-list-text\">Tinnitus (Pfeifen oder Rauschen im Ohr)<\/span>\n\t\t\t\t\t\t\t\t\t<\/li>\n\t\t\t\t\t\t\t\t<li class=\"elementor-icon-list-item\">\n\t\t\t\t\t\t\t\t\t\t\t<span class=\"elementor-icon-list-icon\">\n\t\t\t\t\t\t\t<svg aria-hidden=\"true\" class=\"e-font-icon-svg e-far-circle\" viewBox=\"0 0 512 512\" xmlns=\"http:\/\/www.w3.org\/2000\/svg\"><path d=\"M256 8C119 8 8 119 8 256s111 248 248 248 248-111 248-248S393 8 256 8zm0 448c-110.5 0-200-89.5-200-200S145.5 56 256 56s200 89.5 200 200-89.5 200-200 200z\"><\/path><\/svg>\t\t\t\t\t\t<\/span>\n\t\t\t\t\t\t\t\t\t\t<span class=\"elementor-icon-list-text\">H\u00f6rsturz<\/span>\n\t\t\t\t\t\t\t\t\t<\/li>\n\t\t\t\t\t\t\t\t<li class=\"elementor-icon-list-item\">\n\t\t\t\t\t\t\t\t\t\t\t<span class=\"elementor-icon-list-icon\">\n\t\t\t\t\t\t\t<svg aria-hidden=\"true\" class=\"e-font-icon-svg e-far-circle\" viewBox=\"0 0 512 512\" xmlns=\"http:\/\/www.w3.org\/2000\/svg\"><path d=\"M256 8C119 8 8 119 8 256s111 248 248 248 248-111 248-248S393 8 256 8zm0 448c-110.5 0-200-89.5-200-200S145.5 56 256 56s200 89.5 200 200-89.5 200-200 200z\"><\/path><\/svg>\t\t\t\t\t\t<\/span>\n\t\t\t\t\t\t\t\t\t\t<span class=\"elementor-icon-list-text\">Presbyakusis (altersbedingter H\u00f6rverlust)<\/span>\n\t\t\t\t\t\t\t\t\t<\/li>\n\t\t\t\t\t\t<\/ul>\n\t\t\t\t\t\t<\/div>\n\t\t\t\t<\/div>\n\t\t\t\t\t<\/div>\n\t\t\t\t<\/div>\n\t\t<div class=\"elementor-element elementor-element-0435d3d e-flex e-con-boxed e-con e-parent\" data-id=\"0435d3d\" data-element_type=\"container\" data-e-type=\"container\" data-settings=\"{&quot;jet_parallax_layout_list&quot;:[]}\">\n\t\t\t\t\t<div class=\"e-con-inner\">\n\t\t\t\t<div class=\"elementor-element elementor-element-9090875 elementor-widget elementor-widget-text-editor\" data-id=\"9090875\" data-element_type=\"widget\" data-e-type=\"widget\" data-widget_type=\"text-editor.default\">\n\t\t\t\t<div class=\"elementor-widget-container\">\n\t\t\t\t\t\t\t\t\t<p><strong>H\u00f6rverlust entwickelt sich oft schleichend<br \/><\/strong>In den meisten F\u00e4llen entsteht ein H\u00f6rverlust nicht pl\u00f6tzlich, sondern entwickelt sich langsam \u2013 oft \u00fcber Jahre hinweg. Daher ist es besonders wichtig, fr\u00fchzeitig zu reagieren, sobald erste Anzeichen auftreten.<\/p><p><strong>Folgende Zeichen k\u00f6nnen auf eine beginnende H\u00f6rminderung hinweisen:<\/strong><\/p>\t\t\t\t\t\t\t\t<\/div>\n\t\t\t\t<\/div>\n\t\t\t\t\t<\/div>\n\t\t\t\t<\/div>\n\t\t<div class=\"elementor-element elementor-element-8edace1 e-flex e-con-boxed e-con e-parent\" data-id=\"8edace1\" data-element_type=\"container\" data-e-type=\"container\" data-settings=\"{&quot;jet_parallax_layout_list&quot;:[]}\">\n\t\t\t\t\t<div class=\"e-con-inner\">\n\t\t\t\t<div class=\"elementor-element elementor-element-0500dca elementor-icon-list--layout-traditional elementor-list-item-link-full_width elementor-widget elementor-widget-icon-list\" data-id=\"0500dca\" data-element_type=\"widget\" data-e-type=\"widget\" data-widget_type=\"icon-list.default\">\n\t\t\t\t<div class=\"elementor-widget-container\">\n\t\t\t\t\t\t\t<ul class=\"elementor-icon-list-items\">\n\t\t\t\t\t\t\t<li class=\"elementor-icon-list-item\">\n\t\t\t\t\t\t\t\t\t\t\t<span class=\"elementor-icon-list-icon\">\n\t\t\t\t\t\t\t<svg aria-hidden=\"true\" class=\"e-font-icon-svg e-far-circle\" viewBox=\"0 0 512 512\" xmlns=\"http:\/\/www.w3.org\/2000\/svg\"><path d=\"M256 8C119 8 8 119 8 256s111 248 248 248 248-111 248-248S393 8 256 8zm0 448c-110.5 0-200-89.5-200-200S145.5 56 256 56s200 89.5 200 200-89.5 200-200 200z\"><\/path><\/svg>\t\t\t\t\t\t<\/span>\n\t\t\t\t\t\t\t\t\t\t<span class=\"elementor-icon-list-text\">Du verstehst Gespr\u00e4che in lauter Umgebung schwer<\/span>\n\t\t\t\t\t\t\t\t\t<\/li>\n\t\t\t\t\t\t\t\t<li class=\"elementor-icon-list-item\">\n\t\t\t\t\t\t\t\t\t\t\t<span class=\"elementor-icon-list-icon\">\n\t\t\t\t\t\t\t<svg aria-hidden=\"true\" class=\"e-font-icon-svg e-far-circle\" viewBox=\"0 0 512 512\" xmlns=\"http:\/\/www.w3.org\/2000\/svg\"><path d=\"M256 8C119 8 8 119 8 256s111 248 248 248 248-111 248-248S393 8 256 8zm0 448c-110.5 0-200-89.5-200-200S145.5 56 256 56s200 89.5 200 200-89.5 200-200 200z\"><\/path><\/svg>\t\t\t\t\t\t<\/span>\n\t\t\t\t\t\t\t\t\t\t<span class=\"elementor-icon-list-text\">Du musst den Fernseher oder das Radio h\u00e4ufig lauter stellen<\/span>\n\t\t\t\t\t\t\t\t\t<\/li>\n\t\t\t\t\t\t\t\t<li class=\"elementor-icon-list-item\">\n\t\t\t\t\t\t\t\t\t\t\t<span class=\"elementor-icon-list-icon\">\n\t\t\t\t\t\t\t<svg aria-hidden=\"true\" class=\"e-font-icon-svg e-far-circle\" viewBox=\"0 0 512 512\" xmlns=\"http:\/\/www.w3.org\/2000\/svg\"><path d=\"M256 8C119 8 8 119 8 256s111 248 248 248 248-111 248-248S393 8 256 8zm0 448c-110.5 0-200-89.5-200-200S145.5 56 256 56s200 89.5 200 200-89.5 200-200 200z\"><\/path><\/svg>\t\t\t\t\t\t<\/span>\n\t\t\t\t\t\t\t\t\t\t<span class=\"elementor-icon-list-text\">Du hast das Gef\u00fchl, als w\u00e4ren deine Ohren \u201everstopft\u201c<\/span>\n\t\t\t\t\t\t\t\t\t<\/li>\n\t\t\t\t\t\t\t\t<li class=\"elementor-icon-list-item\">\n\t\t\t\t\t\t\t\t\t\t\t<span class=\"elementor-icon-list-icon\">\n\t\t\t\t\t\t\t<svg aria-hidden=\"true\" class=\"e-font-icon-svg e-far-circle\" viewBox=\"0 0 512 512\" xmlns=\"http:\/\/www.w3.org\/2000\/svg\"><path d=\"M256 8C119 8 8 119 8 256s111 248 248 248 248-111 248-248S393 8 256 8zm0 448c-110.5 0-200-89.5-200-200S145.5 56 256 56s200 89.5 200 200-89.5 200-200 200z\"><\/path><\/svg>\t\t\t\t\t\t<\/span>\n\t\t\t\t\t\t\t\t\t\t<span class=\"elementor-icon-list-text\">Du verstehst leise Stimmen oder entfernte Ger\u00e4usche nicht gut<\/span>\n\t\t\t\t\t\t\t\t\t<\/li>\n\t\t\t\t\t\t<\/ul>\n\t\t\t\t\t\t<\/div>\n\t\t\t\t<\/div>\n\t\t\t\t\t<\/div>\n\t\t\t\t<\/div>\n\t\t<div class=\"elementor-element elementor-element-df26320 e-flex e-con-boxed e-con e-parent\" data-id=\"df26320\" data-element_type=\"container\" data-e-type=\"container\" data-settings=\"{&quot;jet_parallax_layout_list&quot;:[]}\">\n\t\t\t\t\t<div class=\"e-con-inner\">\n\t\t\t\t<div class=\"elementor-element elementor-element-dd109fa elementor-widget elementor-widget-text-editor\" data-id=\"dd109fa\" data-element_type=\"widget\" data-e-type=\"widget\" data-widget_type=\"text-editor.default\">\n\t\t\t\t<div class=\"elementor-widget-container\">\n\t\t\t\t\t\t\t\t\t<p><strong>Was tun bei ersten Anzeichen?<br \/><\/strong>Warte nicht ab! Je fr\u00fcher du handelst, desto besser kannst du dein Geh\u00f6r sch\u00fctzen und unterst\u00fctzen.<br \/><strong>In allen unseren 24 Zelger Centern bieten wir dir:<\/strong><\/p><ul><li>Kostenlose H\u00f6rtests<\/li><li>Pers\u00f6nliche, unverbindliche Beratung<\/li><li>Unterst\u00fctzung durch erfahrene H\u00f6rakustiker:innen<\/li><\/ul><p>Dank moderner Technik erm\u00f6glichen H\u00f6rger\u00e4te der neuen Generation heute ein diskretes, nat\u00fcrliches und effektives H\u00f6rerlebnis \u2013 individuell angepasst an deine Bed\u00fcrfnisse.<\/p>\t\t\t\t\t\t\t\t<\/div>\n\t\t\t\t<\/div>\n\t\t\t\t\t<\/div>\n\t\t\t\t<\/div>\n\t\t<div class=\"elementor-element elementor-element-27b21f5 e-flex e-con-boxed e-con e-parent\" data-id=\"27b21f5\" data-element_type=\"container\" data-e-type=\"container\" data-settings=\"{&quot;jet_parallax_layout_list&quot;:[]}\">\n\t\t\t\t\t<div class=\"e-con-inner\">\n\t\t\t\t<div class=\"elementor-element elementor-element-a2b4bb0 elementor-widget elementor-widget-button\" data-id=\"a2b4bb0\" data-element_type=\"widget\" data-e-type=\"widget\" data-widget_type=\"button.default\">\n\t\t\t\t<div class=\"elementor-widget-container\">\n\t\t\t\t\t\t\t\t\t<div class=\"elementor-button-wrapper\">\n\t\t\t\t\t<a class=\"elementor-button elementor-button-link elementor-size-md\" href=\"https:\/\/www.zelger.it\/de\/entdecken-zelger\/kontakt\/\">\n\t\t\t\t\t\t<span class=\"elementor-button-content-wrapper\">\n\t\t\t\t\t\t\t\t\t<span class=\"elementor-button-text\">Buche jetzt deinen kostenlosen h\u00f6rtest<\/span>\n\t\t\t\t\t<\/span>\n\t\t\t\t\t<\/a>\n\t\t\t\t<\/div>\n\t\t\t\t\t\t\t\t<\/div>\n\t\t\t\t<\/div>\n\t\t\t\t\t<\/div>\n\t\t\t\t<\/div>\n\t\t\t\t<\/div>\n\t\t","protected":false},"excerpt":{"rendered":"<p>Erste Anzeichen von H\u00f6rproblemen: So erkennst du sie fr\u00fchzeitig Unser Geh\u00f6r ist ein wertvolles und sensibles Sinnesorgan. Es verbindet uns mit unserer Umwelt, erm\u00f6glicht Kommunikation und Lebensqualit\u00e4t. Doch gerade durch seine Empfindlichkeit ist es auch anf\u00e4llig f\u00fcr Belastungen \u2013 vor allem durch L\u00e4rm.Wie entstehen H\u00f6rprobleme?H\u00f6rprobleme k\u00f6nnen viele Ursachen haben. H\u00e4ufig sind sie die Folge von: [&hellip;]<\/p>\n","protected":false},"author":6,"featured_media":11585,"comment_status":"closed","ping_status":"closed","sticky":false,"template":"","format":"standard","meta":{"site-sidebar-layout":"default","site-content-layout":"","ast-site-content-layout":"default","site-content-style":"default","site-sidebar-style":"default","ast-global-header-display":"","ast-banner-title-visibility":"","ast-main-header-display":"","ast-hfb-above-header-display":"","ast-hfb-below-header-display":"","ast-hfb-mobile-header-display":"","site-post-title":"","ast-breadcrumbs-content":"","ast-featured-img":"","footer-sml-layout":"","ast-disable-related-posts":"","theme-transparent-header-meta":"","adv-header-id-meta":"","stick-header-meta":"","header-above-stick-meta":"","header-main-stick-meta":"","header-below-stick-meta":"","astra-migrate-meta-layouts":"set","ast-page-background-enabled":"default","ast-page-background-meta":{"desktop":{"background-color":"var(--ast-global-color-4)","background-image":"","background-repeat":"repeat","background-position":"center center","background-size":"auto","background-attachment":"scroll","background-type":"","background-media":"","overlay-type":"","overlay-color":"","overlay-opacity":"","overlay-gradient":""},"tablet":{"background-color":"","background-image":"","background-repeat":"repeat","background-position":"center center","background-size":"auto","background-attachment":"scroll","background-type":"","background-media":"","overlay-type":"","overlay-color":"","overlay-opacity":"","overlay-gradient":""},"mobile":{"background-color":"","background-image":"","background-repeat":"repeat","background-position":"center center","background-size":"auto","background-attachment":"scroll","background-type":"","background-media":"","overlay-type":"","overlay-color":"","overlay-opacity":"","overlay-gradient":""}},"ast-content-background-meta":{"desktop":{"background-color":"var(--ast-global-color-5)","background-image":"","background-repeat":"repeat","background-position":"center center","background-size":"auto","background-attachment":"scroll","background-type":"","background-media":"","overlay-type":"","overlay-color":"","overlay-opacity":"","overlay-gradient":""},"tablet":{"background-color":"var(--ast-global-color-5)","background-image":"","background-repeat":"repeat","background-position":"center center","background-size":"auto","background-attachment":"scroll","background-type":"","background-media":"","overlay-type":"","overlay-color":"","overlay-opacity":"","overlay-gradient":""},"mobile":{"background-color":"var(--ast-global-color-5)","background-image":"","background-repeat":"repeat","background-position":"center center","background-size":"auto","background-attachment":"scroll","background-type":"","background-media":"","overlay-type":"","overlay-color":"","overlay-opacity":"","overlay-gradient":""}},"footnotes":""},"categories":[43],"tags":[208,205,210,217,226,216,229,218,201,222,214,219],"class_list":["post-11586","post","type-post","status-publish","format-standard","has-post-thumbnail","hentry","category-news-de","tag-apparecchi-acustici-moderni-de","tag-consulenza-udito-personalizzata","tag-consulenza-udito-personalizzata-de","tag-erste-anzeichen-hoerproblem","tag-hoerberatung","tag-hoerverlust","tag-innenohrschaeden","tag-kostenloser-hoertest","tag-presbiacusia","tag-presbyakusis","tag-salute-dellorecchio-de","tag-tinnitus"],"yoast_head":"<!-- This site is optimized with the Yoast SEO plugin v27.4 - https:\/\/yoast.com\/product\/yoast-seo-wordpress\/ -->\n<title>Erste Anzeichen von H\u00f6rproblemen: So erkennst du sie fr\u00fchzeitig - Zelger - Ihre H\u00f6rexperten<\/title>\n<meta name=\"description\" content=\"Woran man erste H\u00f6rprobleme erkennt: Symptome wie h\u00e4ufiges Nachfragen, Tinnitus oder lautes TV. Fr\u00fch handeln \u2013 gratis H\u00f6rtest bei Zelger!\" \/>\n<meta name=\"robots\" content=\"index, follow, max-snippet:-1, max-image-preview:large, max-video-preview:-1\" \/>\n<link rel=\"canonical\" href=\"https:\/\/www.zelger.it\/de\/erste-anzeichen-von-hoerproblemen-so-erkennst-du-sie-fruehzeitig\/\" \/>\n<meta property=\"og:locale\" content=\"de_DE\" \/>\n<meta property=\"og:type\" content=\"article\" \/>\n<meta property=\"og:title\" content=\"Erste Anzeichen von H\u00f6rproblemen: So erkennst du sie fr\u00fchzeitig - Zelger - Ihre H\u00f6rexperten\" \/>\n<meta property=\"og:description\" content=\"Woran man erste H\u00f6rprobleme erkennt: Symptome wie h\u00e4ufiges Nachfragen, Tinnitus oder lautes TV. Fr\u00fch handeln \u2013 gratis H\u00f6rtest bei Zelger!\" \/>\n<meta property=\"og:url\" content=\"https:\/\/www.zelger.it\/de\/erste-anzeichen-von-hoerproblemen-so-erkennst-du-sie-fruehzeitig\/\" \/>\n<meta property=\"og:site_name\" content=\"Zelger - Ihre H\u00f6rexperten\" \/>\n<meta property=\"article:publisher\" content=\"https:\/\/www.facebook.com\/zelger.it\" \/>\n<meta property=\"article:published_time\" content=\"2025-06-27T11:47:40+00:00\" \/>\n<meta property=\"article:modified_time\" content=\"2025-07-30T09:50:41+00:00\" \/>\n<meta property=\"og:image\" content=\"https:\/\/www.zelger.it\/wp-content\/uploads\/2025\/06\/I-primi-segnali-di-un-calo-delludito-come-riconoscerli-e-quando-agire.png\" \/>\n\t<meta property=\"og:image:width\" content=\"441\" \/>\n\t<meta property=\"og:image:height\" content=\"551\" \/>\n\t<meta property=\"og:image:type\" content=\"image\/png\" \/>\n<meta name=\"author\" content=\"Isabel Lunelli\" \/>\n<meta name=\"twitter:card\" content=\"summary_large_image\" \/>\n<meta name=\"twitter:label1\" content=\"Verfasst von\" \/>\n\t<meta name=\"twitter:data1\" content=\"Isabel Lunelli\" \/>\n\t<meta name=\"twitter:label2\" content=\"Gesch\u00e4tzte Lesezeit\" \/>\n\t<meta name=\"twitter:data2\" content=\"2\u00a0Minuten\" \/>\n<script type=\"application\/ld+json\" class=\"yoast-schema-graph\">{\"@context\":\"https:\\\/\\\/schema.org\",\"@graph\":[{\"@type\":\"Article\",\"@id\":\"https:\\\/\\\/www.zelger.it\\\/de\\\/erste-anzeichen-von-hoerproblemen-so-erkennst-du-sie-fruehzeitig\\\/#article\",\"isPartOf\":{\"@id\":\"https:\\\/\\\/www.zelger.it\\\/de\\\/erste-anzeichen-von-hoerproblemen-so-erkennst-du-sie-fruehzeitig\\\/\"},\"author\":{\"name\":\"Isabel Lunelli\",\"@id\":\"https:\\\/\\\/www.zelger.it\\\/de\\\/#\\\/schema\\\/person\\\/f63538f30e87d778e6f9f315296e66b4\"},\"headline\":\"Erste Anzeichen von H\u00f6rproblemen: So erkennst du sie fr\u00fchzeitig\",\"datePublished\":\"2025-06-27T11:47:40+00:00\",\"dateModified\":\"2025-07-30T09:50:41+00:00\",\"mainEntityOfPage\":{\"@id\":\"https:\\\/\\\/www.zelger.it\\\/de\\\/erste-anzeichen-von-hoerproblemen-so-erkennst-du-sie-fruehzeitig\\\/\"},\"wordCount\":327,\"publisher\":{\"@id\":\"https:\\\/\\\/www.zelger.it\\\/de\\\/#organization\"},\"image\":{\"@id\":\"https:\\\/\\\/www.zelger.it\\\/de\\\/erste-anzeichen-von-hoerproblemen-so-erkennst-du-sie-fruehzeitig\\\/#primaryimage\"},\"thumbnailUrl\":\"https:\\\/\\\/www.zelger.it\\\/wp-content\\\/uploads\\\/2025\\\/06\\\/I-primi-segnali-di-un-calo-delludito-come-riconoscerli-e-quando-agire.png\",\"keywords\":[\"apparecchi acustici moderni\",\"consulenza udito personalizzata\",\"consulenza udito personalizzata\",\"erste Anzeichen H\u00f6rproblem\",\"H\u00f6rberatung\",\"H\u00f6rverlust\",\"Innenohrsch\u00e4den\",\"kostenloser H\u00f6rtest\",\"presbiacusia\",\"Presbyakusis\",\"salute dell\u2019orecchio\",\"Tinnitus\"],\"articleSection\":[\"News\"],\"inLanguage\":\"de\"},{\"@type\":\"WebPage\",\"@id\":\"https:\\\/\\\/www.zelger.it\\\/de\\\/erste-anzeichen-von-hoerproblemen-so-erkennst-du-sie-fruehzeitig\\\/\",\"url\":\"https:\\\/\\\/www.zelger.it\\\/de\\\/erste-anzeichen-von-hoerproblemen-so-erkennst-du-sie-fruehzeitig\\\/\",\"name\":\"Erste Anzeichen von H\u00f6rproblemen: So erkennst du sie fr\u00fchzeitig - Zelger - Ihre H\u00f6rexperten\",\"isPartOf\":{\"@id\":\"https:\\\/\\\/www.zelger.it\\\/de\\\/#website\"},\"primaryImageOfPage\":{\"@id\":\"https:\\\/\\\/www.zelger.it\\\/de\\\/erste-anzeichen-von-hoerproblemen-so-erkennst-du-sie-fruehzeitig\\\/#primaryimage\"},\"image\":{\"@id\":\"https:\\\/\\\/www.zelger.it\\\/de\\\/erste-anzeichen-von-hoerproblemen-so-erkennst-du-sie-fruehzeitig\\\/#primaryimage\"},\"thumbnailUrl\":\"https:\\\/\\\/www.zelger.it\\\/wp-content\\\/uploads\\\/2025\\\/06\\\/I-primi-segnali-di-un-calo-delludito-come-riconoscerli-e-quando-agire.png\",\"datePublished\":\"2025-06-27T11:47:40+00:00\",\"dateModified\":\"2025-07-30T09:50:41+00:00\",\"description\":\"Woran man erste H\u00f6rprobleme erkennt: Symptome wie h\u00e4ufiges Nachfragen, Tinnitus oder lautes TV. Fr\u00fch handeln \u2013 gratis H\u00f6rtest bei Zelger!\",\"breadcrumb\":{\"@id\":\"https:\\\/\\\/www.zelger.it\\\/de\\\/erste-anzeichen-von-hoerproblemen-so-erkennst-du-sie-fruehzeitig\\\/#breadcrumb\"},\"inLanguage\":\"de\",\"potentialAction\":[{\"@type\":\"ReadAction\",\"target\":[\"https:\\\/\\\/www.zelger.it\\\/de\\\/erste-anzeichen-von-hoerproblemen-so-erkennst-du-sie-fruehzeitig\\\/\"]}]},{\"@type\":\"ImageObject\",\"inLanguage\":\"de\",\"@id\":\"https:\\\/\\\/www.zelger.it\\\/de\\\/erste-anzeichen-von-hoerproblemen-so-erkennst-du-sie-fruehzeitig\\\/#primaryimage\",\"url\":\"https:\\\/\\\/www.zelger.it\\\/wp-content\\\/uploads\\\/2025\\\/06\\\/I-primi-segnali-di-un-calo-delludito-come-riconoscerli-e-quando-agire.png\",\"contentUrl\":\"https:\\\/\\\/www.zelger.it\\\/wp-content\\\/uploads\\\/2025\\\/06\\\/I-primi-segnali-di-un-calo-delludito-come-riconoscerli-e-quando-agire.png\",\"width\":441,\"height\":551},{\"@type\":\"BreadcrumbList\",\"@id\":\"https:\\\/\\\/www.zelger.it\\\/de\\\/erste-anzeichen-von-hoerproblemen-so-erkennst-du-sie-fruehzeitig\\\/#breadcrumb\",\"itemListElement\":[{\"@type\":\"ListItem\",\"position\":1,\"name\":\"Home\",\"item\":\"https:\\\/\\\/www.zelger.it\\\/de\\\/\"},{\"@type\":\"ListItem\",\"position\":2,\"name\":\"Erste Anzeichen von H\u00f6rproblemen: So erkennst du sie fr\u00fchzeitig\"}]},{\"@type\":\"WebSite\",\"@id\":\"https:\\\/\\\/www.zelger.it\\\/de\\\/#website\",\"url\":\"https:\\\/\\\/www.zelger.it\\\/de\\\/\",\"name\":\"Zelger - Ihre H\u00f6rexperten\",\"description\":\"Apparecchi acustici da Zelger | Esperti dell\u2019udito nel Nord Italia\",\"publisher\":{\"@id\":\"https:\\\/\\\/www.zelger.it\\\/de\\\/#organization\"},\"potentialAction\":[{\"@type\":\"SearchAction\",\"target\":{\"@type\":\"EntryPoint\",\"urlTemplate\":\"https:\\\/\\\/www.zelger.it\\\/de\\\/?s={search_term_string}\"},\"query-input\":{\"@type\":\"PropertyValueSpecification\",\"valueRequired\":true,\"valueName\":\"search_term_string\"}}],\"inLanguage\":\"de\"},{\"@type\":\"Organization\",\"@id\":\"https:\\\/\\\/www.zelger.it\\\/de\\\/#organization\",\"name\":\"Zelger Srl\",\"url\":\"https:\\\/\\\/www.zelger.it\\\/de\\\/\",\"logo\":{\"@type\":\"ImageObject\",\"inLanguage\":\"de\",\"@id\":\"https:\\\/\\\/www.zelger.it\\\/de\\\/#\\\/schema\\\/logo\\\/image\\\/\",\"url\":\"https:\\\/\\\/www.zelger.it\\\/wp-content\\\/uploads\\\/2023\\\/03\\\/Logo_it.svg\",\"contentUrl\":\"https:\\\/\\\/www.zelger.it\\\/wp-content\\\/uploads\\\/2023\\\/03\\\/Logo_it.svg\",\"caption\":\"Zelger Srl\"},\"image\":{\"@id\":\"https:\\\/\\\/www.zelger.it\\\/de\\\/#\\\/schema\\\/logo\\\/image\\\/\"},\"sameAs\":[\"https:\\\/\\\/www.facebook.com\\\/zelger.it\",\"https:\\\/\\\/www.youtube.com\\\/channel\\\/UCElzmntcVyuS8eWah3Ut8GA\"]},{\"@type\":\"Person\",\"@id\":\"https:\\\/\\\/www.zelger.it\\\/de\\\/#\\\/schema\\\/person\\\/f63538f30e87d778e6f9f315296e66b4\",\"name\":\"Isabel Lunelli\",\"image\":{\"@type\":\"ImageObject\",\"inLanguage\":\"de\",\"@id\":\"https:\\\/\\\/secure.gravatar.com\\\/avatar\\\/c478b170f49c37583f09140f87b9b0c82679f692fb7207bcab772b972aaaa20b?s=96&d=mm&r=g\",\"url\":\"https:\\\/\\\/secure.gravatar.com\\\/avatar\\\/c478b170f49c37583f09140f87b9b0c82679f692fb7207bcab772b972aaaa20b?s=96&d=mm&r=g\",\"contentUrl\":\"https:\\\/\\\/secure.gravatar.com\\\/avatar\\\/c478b170f49c37583f09140f87b9b0c82679f692fb7207bcab772b972aaaa20b?s=96&d=mm&r=g\",\"caption\":\"Isabel Lunelli\"}}]}<\/script>\n<!-- \/ Yoast SEO plugin. -->","yoast_head_json":{"title":"Erste Anzeichen von H\u00f6rproblemen: So erkennst du sie fr\u00fchzeitig - Zelger - Ihre H\u00f6rexperten","description":"Woran man erste H\u00f6rprobleme erkennt: Symptome wie h\u00e4ufiges Nachfragen, Tinnitus oder lautes TV. Fr\u00fch handeln \u2013 gratis H\u00f6rtest bei Zelger!","robots":{"index":"index","follow":"follow","max-snippet":"max-snippet:-1","max-image-preview":"max-image-preview:large","max-video-preview":"max-video-preview:-1"},"canonical":"https:\/\/www.zelger.it\/de\/erste-anzeichen-von-hoerproblemen-so-erkennst-du-sie-fruehzeitig\/","og_locale":"de_DE","og_type":"article","og_title":"Erste Anzeichen von H\u00f6rproblemen: So erkennst du sie fr\u00fchzeitig - Zelger - Ihre H\u00f6rexperten","og_description":"Woran man erste H\u00f6rprobleme erkennt: Symptome wie h\u00e4ufiges Nachfragen, Tinnitus oder lautes TV. Fr\u00fch handeln \u2013 gratis H\u00f6rtest bei Zelger!","og_url":"https:\/\/www.zelger.it\/de\/erste-anzeichen-von-hoerproblemen-so-erkennst-du-sie-fruehzeitig\/","og_site_name":"Zelger - Ihre H\u00f6rexperten","article_publisher":"https:\/\/www.facebook.com\/zelger.it","article_published_time":"2025-06-27T11:47:40+00:00","article_modified_time":"2025-07-30T09:50:41+00:00","og_image":[{"width":441,"height":551,"url":"https:\/\/www.zelger.it\/wp-content\/uploads\/2025\/06\/I-primi-segnali-di-un-calo-delludito-come-riconoscerli-e-quando-agire.png","type":"image\/png"}],"author":"Isabel Lunelli","twitter_card":"summary_large_image","twitter_misc":{"Verfasst von":"Isabel Lunelli","Gesch\u00e4tzte Lesezeit":"2\u00a0Minuten"},"schema":{"@context":"https:\/\/schema.org","@graph":[{"@type":"Article","@id":"https:\/\/www.zelger.it\/de\/erste-anzeichen-von-hoerproblemen-so-erkennst-du-sie-fruehzeitig\/#article","isPartOf":{"@id":"https:\/\/www.zelger.it\/de\/erste-anzeichen-von-hoerproblemen-so-erkennst-du-sie-fruehzeitig\/"},"author":{"name":"Isabel Lunelli","@id":"https:\/\/www.zelger.it\/de\/#\/schema\/person\/f63538f30e87d778e6f9f315296e66b4"},"headline":"Erste Anzeichen von H\u00f6rproblemen: So erkennst du sie fr\u00fchzeitig","datePublished":"2025-06-27T11:47:40+00:00","dateModified":"2025-07-30T09:50:41+00:00","mainEntityOfPage":{"@id":"https:\/\/www.zelger.it\/de\/erste-anzeichen-von-hoerproblemen-so-erkennst-du-sie-fruehzeitig\/"},"wordCount":327,"publisher":{"@id":"https:\/\/www.zelger.it\/de\/#organization"},"image":{"@id":"https:\/\/www.zelger.it\/de\/erste-anzeichen-von-hoerproblemen-so-erkennst-du-sie-fruehzeitig\/#primaryimage"},"thumbnailUrl":"https:\/\/www.zelger.it\/wp-content\/uploads\/2025\/06\/I-primi-segnali-di-un-calo-delludito-come-riconoscerli-e-quando-agire.png","keywords":["apparecchi acustici moderni","consulenza udito personalizzata","consulenza udito personalizzata","erste Anzeichen H\u00f6rproblem","H\u00f6rberatung","H\u00f6rverlust","Innenohrsch\u00e4den","kostenloser H\u00f6rtest","presbiacusia","Presbyakusis","salute dell\u2019orecchio","Tinnitus"],"articleSection":["News"],"inLanguage":"de"},{"@type":"WebPage","@id":"https:\/\/www.zelger.it\/de\/erste-anzeichen-von-hoerproblemen-so-erkennst-du-sie-fruehzeitig\/","url":"https:\/\/www.zelger.it\/de\/erste-anzeichen-von-hoerproblemen-so-erkennst-du-sie-fruehzeitig\/","name":"Erste Anzeichen von H\u00f6rproblemen: So erkennst du sie fr\u00fchzeitig - Zelger - Ihre H\u00f6rexperten","isPartOf":{"@id":"https:\/\/www.zelger.it\/de\/#website"},"primaryImageOfPage":{"@id":"https:\/\/www.zelger.it\/de\/erste-anzeichen-von-hoerproblemen-so-erkennst-du-sie-fruehzeitig\/#primaryimage"},"image":{"@id":"https:\/\/www.zelger.it\/de\/erste-anzeichen-von-hoerproblemen-so-erkennst-du-sie-fruehzeitig\/#primaryimage"},"thumbnailUrl":"https:\/\/www.zelger.it\/wp-content\/uploads\/2025\/06\/I-primi-segnali-di-un-calo-delludito-come-riconoscerli-e-quando-agire.png","datePublished":"2025-06-27T11:47:40+00:00","dateModified":"2025-07-30T09:50:41+00:00","description":"Woran man erste H\u00f6rprobleme erkennt: Symptome wie h\u00e4ufiges Nachfragen, Tinnitus oder lautes TV. Fr\u00fch handeln \u2013 gratis H\u00f6rtest bei Zelger!","breadcrumb":{"@id":"https:\/\/www.zelger.it\/de\/erste-anzeichen-von-hoerproblemen-so-erkennst-du-sie-fruehzeitig\/#breadcrumb"},"inLanguage":"de","potentialAction":[{"@type":"ReadAction","target":["https:\/\/www.zelger.it\/de\/erste-anzeichen-von-hoerproblemen-so-erkennst-du-sie-fruehzeitig\/"]}]},{"@type":"ImageObject","inLanguage":"de","@id":"https:\/\/www.zelger.it\/de\/erste-anzeichen-von-hoerproblemen-so-erkennst-du-sie-fruehzeitig\/#primaryimage","url":"https:\/\/www.zelger.it\/wp-content\/uploads\/2025\/06\/I-primi-segnali-di-un-calo-delludito-come-riconoscerli-e-quando-agire.png","contentUrl":"https:\/\/www.zelger.it\/wp-content\/uploads\/2025\/06\/I-primi-segnali-di-un-calo-delludito-come-riconoscerli-e-quando-agire.png","width":441,"height":551},{"@type":"BreadcrumbList","@id":"https:\/\/www.zelger.it\/de\/erste-anzeichen-von-hoerproblemen-so-erkennst-du-sie-fruehzeitig\/#breadcrumb","itemListElement":[{"@type":"ListItem","position":1,"name":"Home","item":"https:\/\/www.zelger.it\/de\/"},{"@type":"ListItem","position":2,"name":"Erste Anzeichen von H\u00f6rproblemen: So erkennst du sie fr\u00fchzeitig"}]},{"@type":"WebSite","@id":"https:\/\/www.zelger.it\/de\/#website","url":"https:\/\/www.zelger.it\/de\/","name":"Zelger - Ihre H\u00f6rexperten","description":"Apparecchi acustici da Zelger | Esperti dell\u2019udito nel Nord Italia","publisher":{"@id":"https:\/\/www.zelger.it\/de\/#organization"},"potentialAction":[{"@type":"SearchAction","target":{"@type":"EntryPoint","urlTemplate":"https:\/\/www.zelger.it\/de\/?s={search_term_string}"},"query-input":{"@type":"PropertyValueSpecification","valueRequired":true,"valueName":"search_term_string"}}],"inLanguage":"de"},{"@type":"Organization","@id":"https:\/\/www.zelger.it\/de\/#organization","name":"Zelger Srl","url":"https:\/\/www.zelger.it\/de\/","logo":{"@type":"ImageObject","inLanguage":"de","@id":"https:\/\/www.zelger.it\/de\/#\/schema\/logo\/image\/","url":"https:\/\/www.zelger.it\/wp-content\/uploads\/2023\/03\/Logo_it.svg","contentUrl":"https:\/\/www.zelger.it\/wp-content\/uploads\/2023\/03\/Logo_it.svg","caption":"Zelger Srl"},"image":{"@id":"https:\/\/www.zelger.it\/de\/#\/schema\/logo\/image\/"},"sameAs":["https:\/\/www.facebook.com\/zelger.it","https:\/\/www.youtube.com\/channel\/UCElzmntcVyuS8eWah3Ut8GA"]},{"@type":"Person","@id":"https:\/\/www.zelger.it\/de\/#\/schema\/person\/f63538f30e87d778e6f9f315296e66b4","name":"Isabel Lunelli","image":{"@type":"ImageObject","inLanguage":"de","@id":"https:\/\/secure.gravatar.com\/avatar\/c478b170f49c37583f09140f87b9b0c82679f692fb7207bcab772b972aaaa20b?s=96&d=mm&r=g","url":"https:\/\/secure.gravatar.com\/avatar\/c478b170f49c37583f09140f87b9b0c82679f692fb7207bcab772b972aaaa20b?s=96&d=mm&r=g","contentUrl":"https:\/\/secure.gravatar.com\/avatar\/c478b170f49c37583f09140f87b9b0c82679f692fb7207bcab772b972aaaa20b?s=96&d=mm&r=g","caption":"Isabel Lunelli"}}]}},"_links":{"self":[{"href":"https:\/\/www.zelger.it\/de\/wp-json\/wp\/v2\/posts\/11586","targetHints":{"allow":["GET"]}}],"collection":[{"href":"https:\/\/www.zelger.it\/de\/wp-json\/wp\/v2\/posts"}],"about":[{"href":"https:\/\/www.zelger.it\/de\/wp-json\/wp\/v2\/types\/post"}],"author":[{"embeddable":true,"href":"https:\/\/www.zelger.it\/de\/wp-json\/wp\/v2\/users\/6"}],"replies":[{"embeddable":true,"href":"https:\/\/www.zelger.it\/de\/wp-json\/wp\/v2\/comments?post=11586"}],"version-history":[{"count":0,"href":"https:\/\/www.zelger.it\/de\/wp-json\/wp\/v2\/posts\/11586\/revisions"}],"wp:featuredmedia":[{"embeddable":true,"href":"https:\/\/www.zelger.it\/de\/wp-json\/wp\/v2\/media\/11585"}],"wp:attachment":[{"href":"https:\/\/www.zelger.it\/de\/wp-json\/wp\/v2\/media?parent=11586"}],"wp:term":[{"taxonomy":"category","embeddable":true,"href":"https:\/\/www.zelger.it\/de\/wp-json\/wp\/v2\/categories?post=11586"},{"taxonomy":"post_tag","embeddable":true,"href":"https:\/\/www.zelger.it\/de\/wp-json\/wp\/v2\/tags?post=11586"}],"curies":[{"name":"wp","href":"https:\/\/api.w.org\/{rel}","templated":true}]}}