{"id":11567,"date":"2025-06-23T09:31:44","date_gmt":"2025-06-23T07:31:44","guid":{"rendered":"https:\/\/www.zelger.it\/?p=11567"},"modified":"2025-07-31T15:34:48","modified_gmt":"2025-07-31T13:34:48","slug":"zelger-jetzt-auch-in-desenzano-fuer-dich-da","status":"publish","type":"post","link":"https:\/\/www.zelger.it\/de\/zelger-jetzt-auch-in-desenzano-fuer-dich-da\/","title":{"rendered":"Zelger \u2013 jetzt auch in Desenzano f\u00fcr dich da!"},"content":{"rendered":"\t\t<div data-elementor-type=\"wp-post\" data-elementor-id=\"11567\" class=\"elementor elementor-11567 elementor-11552\" data-elementor-post-type=\"post\">\n\t\t\t\t<div class=\"elementor-element elementor-element-c8c532f e-flex e-con-boxed e-con e-parent\" data-id=\"c8c532f\" data-element_type=\"container\" data-e-type=\"container\" data-settings=\"{&quot;jet_parallax_layout_list&quot;:[]}\">\n\t\t\t\t\t<div class=\"e-con-inner\">\n\t\t\t\t<div class=\"elementor-element elementor-element-0d45fef elementor-widget elementor-widget-image\" data-id=\"0d45fef\" data-element_type=\"widget\" data-e-type=\"widget\" data-widget_type=\"image.default\">\n\t\t\t\t<div class=\"elementor-widget-container\">\n\t\t\t\t\t\t\t\t\t\t\t\t\t\t\t<img fetchpriority=\"high\" decoding=\"async\" width=\"1024\" height=\"576\" src=\"https:\/\/www.zelger.it\/wp-content\/uploads\/2025\/06\/Zelger-Center-Desenzano-del-Garda-1024x576.png\" class=\"attachment-large size-large wp-image-11555\" alt=\"\" srcset=\"https:\/\/www.zelger.it\/wp-content\/uploads\/2025\/06\/Zelger-Center-Desenzano-del-Garda-1024x576.png 1024w, https:\/\/www.zelger.it\/wp-content\/uploads\/2025\/06\/Zelger-Center-Desenzano-del-Garda-300x169.png 300w, https:\/\/www.zelger.it\/wp-content\/uploads\/2025\/06\/Zelger-Center-Desenzano-del-Garda-768x432.png 768w, https:\/\/www.zelger.it\/wp-content\/uploads\/2025\/06\/Zelger-Center-Desenzano-del-Garda-1536x864.png 1536w, https:\/\/www.zelger.it\/wp-content\/uploads\/2025\/06\/Zelger-Center-Desenzano-del-Garda.png 2000w\" sizes=\"(max-width: 1024px) 100vw, 1024px\" \/>\t\t\t\t\t\t\t\t\t\t\t\t\t\t\t<\/div>\n\t\t\t\t<\/div>\n\t\t\t\t\t<\/div>\n\t\t\t\t<\/div>\n\t\t<div class=\"elementor-element elementor-element-981fd18 e-flex e-con-boxed e-con e-parent\" data-id=\"981fd18\" data-element_type=\"container\" data-e-type=\"container\" data-settings=\"{&quot;jet_parallax_layout_list&quot;:[]}\">\n\t\t\t\t\t<div class=\"e-con-inner\">\n\t\t\t\t<div class=\"elementor-element elementor-element-370b39c elementor-widget elementor-widget-heading\" data-id=\"370b39c\" data-element_type=\"widget\" data-e-type=\"widget\" data-widget_type=\"heading.default\">\n\t\t\t\t<div class=\"elementor-widget-container\">\n\t\t\t\t\t<h2 class=\"elementor-heading-title elementor-size-default\">Zelger \u2013 jetzt auch in Desenzano f\u00fcr dich da!<\/h2>\t\t\t\t<\/div>\n\t\t\t\t<\/div>\n\t\t\t\t\t<\/div>\n\t\t\t\t<\/div>\n\t\t<div class=\"elementor-element elementor-element-4971372 e-flex e-con-boxed e-con e-parent\" data-id=\"4971372\" data-element_type=\"container\" data-e-type=\"container\" data-settings=\"{&quot;jet_parallax_layout_list&quot;:[]}\">\n\t\t\t\t\t<div class=\"e-con-inner\">\n\t\t\t\t<div class=\"elementor-element elementor-element-d90d7b1 elementor-widget elementor-widget-text-editor\" data-id=\"d90d7b1\" data-element_type=\"widget\" data-e-type=\"widget\" data-widget_type=\"text-editor.default\">\n\t\t\t\t<div class=\"elementor-widget-container\">\n\t\t\t\t\t\t\t\t\t<h5><em>Neues Zelger Center, dieselben Werte.<\/em><\/h5>\t\t\t\t\t\t\t\t<\/div>\n\t\t\t\t<\/div>\n\t\t\t\t\t<\/div>\n\t\t\t\t<\/div>\n\t\t<div class=\"elementor-element elementor-element-aa35438 e-flex e-con-boxed e-con e-parent\" data-id=\"aa35438\" data-element_type=\"container\" data-e-type=\"container\" data-settings=\"{&quot;jet_parallax_layout_list&quot;:[]}\">\n\t\t\t\t\t<div class=\"e-con-inner\">\n\t\t\t\t<div class=\"elementor-element elementor-element-9f4ad96 elementor-widget elementor-widget-text-editor\" data-id=\"9f4ad96\" data-element_type=\"widget\" data-e-type=\"widget\" data-widget_type=\"text-editor.default\">\n\t\t\t\t<div class=\"elementor-widget-container\">\n\t\t\t\t\t\t\t\t\t<p>Mit gro\u00dfer Freude teilen wir mit, dass Zelger am 18. Juni 2025 sein neues Zelger Center in Desenzano del Garda er\u00f6ffnet hat. Mit dieser Neuer\u00f6ffnung z\u00e4hlen wir nun 24 operative Standorte in Norditalien. Mit dem neuen Zentrum st\u00e4rken wir unsere Pr\u00e4senz in der Lombardei und kommen dem wachsenden Bedarf an qualifizierter H\u00f6rversorgung im s\u00fcdlichen Gardaseegebiet entgegen.<\/p><p>Auch in Desenzano bringen wir die Werte ein, die uns seit \u00fcber 40 Jahren auszeichnen: Kundenn\u00e4he, Qualit\u00e4t und individuelle Betreuung. Zahlreiche G\u00e4ste nahmen an der Er\u00f6ffnungsfeier teil, darunter die Vizeb\u00fcrgermeisterin von Desenzano, Fach\u00e4rztinnen und -\u00e4rzte der HNO-Abteilungen von Desenzano und Manerbio sowie zuverl\u00e4ssige Partner, die zur Verwirklichung dieses Projekts beigetragen haben.<\/p><p><em>\u00abMit diesem neuen Zelger Center wollen wir unsere N\u00e4he zu den Menschen zeigen und auch in Desenzano unseren Einsatz f\u00fcr hochwertige H\u00f6rversorgung und verl\u00e4sslichen Service unter Beweis stellen\u00bb<\/em>, erkl\u00e4rt Roland Zelger.<\/p><p>Wir wachsen stetig \u2013 und bleiben dabei unserem Versprechen treu: Jedes Anliegen wird bei uns mit offenem Ohr empfangen.<\/p>\t\t\t\t\t\t\t\t<\/div>\n\t\t\t\t<\/div>\n\t\t\t\t\t<\/div>\n\t\t\t\t<\/div>\n\t\t<div class=\"elementor-element elementor-element-f152c37 e-grid e-con-boxed e-con e-parent\" data-id=\"f152c37\" data-element_type=\"container\" data-e-type=\"container\" data-settings=\"{&quot;jet_parallax_layout_list&quot;:[]}\">\n\t\t\t\t\t<div class=\"e-con-inner\">\n\t\t\t\t<div class=\"elementor-element elementor-element-1d28028 elementor-widget elementor-widget-image\" data-id=\"1d28028\" data-element_type=\"widget\" data-e-type=\"widget\" data-widget_type=\"image.default\">\n\t\t\t\t<div class=\"elementor-widget-container\">\n\t\t\t\t\t\t\t\t\t\t\t\t\t\t\t<img decoding=\"async\" width=\"1024\" height=\"1024\" src=\"https:\/\/www.zelger.it\/wp-content\/uploads\/2025\/06\/Inaugurazione-Zelger-Center-Desenzano-1-1024x1024.jpg\" class=\"attachment-large size-large wp-image-11559\" alt=\"\" srcset=\"https:\/\/www.zelger.it\/wp-content\/uploads\/2025\/06\/Inaugurazione-Zelger-Center-Desenzano-1-1024x1024.jpg 1024w, https:\/\/www.zelger.it\/wp-content\/uploads\/2025\/06\/Inaugurazione-Zelger-Center-Desenzano-1-300x300.jpg 300w, https:\/\/www.zelger.it\/wp-content\/uploads\/2025\/06\/Inaugurazione-Zelger-Center-Desenzano-1-150x150.jpg 150w, https:\/\/www.zelger.it\/wp-content\/uploads\/2025\/06\/Inaugurazione-Zelger-Center-Desenzano-1-768x768.jpg 768w, https:\/\/www.zelger.it\/wp-content\/uploads\/2025\/06\/Inaugurazione-Zelger-Center-Desenzano-1-1536x1536.jpg 1536w, https:\/\/www.zelger.it\/wp-content\/uploads\/2025\/06\/Inaugurazione-Zelger-Center-Desenzano-1-2048x2048.jpg 2048w\" sizes=\"(max-width: 1024px) 100vw, 1024px\" \/>\t\t\t\t\t\t\t\t\t\t\t\t\t\t\t<\/div>\n\t\t\t\t<\/div>\n\t\t\t\t<div class=\"elementor-element elementor-element-8adb7ca elementor-widget elementor-widget-image\" data-id=\"8adb7ca\" data-element_type=\"widget\" data-e-type=\"widget\" data-widget_type=\"image.default\">\n\t\t\t\t<div class=\"elementor-widget-container\">\n\t\t\t\t\t\t\t\t\t\t\t\t\t\t\t<img decoding=\"async\" width=\"1024\" height=\"1024\" src=\"https:\/\/www.zelger.it\/wp-content\/uploads\/2025\/06\/Inaugurazione-Zelger-Center-Desenzano-2-1024x1024.jpg\" class=\"attachment-large size-large wp-image-11561\" alt=\"\" srcset=\"https:\/\/www.zelger.it\/wp-content\/uploads\/2025\/06\/Inaugurazione-Zelger-Center-Desenzano-2-1024x1024.jpg 1024w, https:\/\/www.zelger.it\/wp-content\/uploads\/2025\/06\/Inaugurazione-Zelger-Center-Desenzano-2-300x300.jpg 300w, https:\/\/www.zelger.it\/wp-content\/uploads\/2025\/06\/Inaugurazione-Zelger-Center-Desenzano-2-150x150.jpg 150w, https:\/\/www.zelger.it\/wp-content\/uploads\/2025\/06\/Inaugurazione-Zelger-Center-Desenzano-2-768x768.jpg 768w, https:\/\/www.zelger.it\/wp-content\/uploads\/2025\/06\/Inaugurazione-Zelger-Center-Desenzano-2-1536x1536.jpg 1536w, https:\/\/www.zelger.it\/wp-content\/uploads\/2025\/06\/Inaugurazione-Zelger-Center-Desenzano-2-2048x2048.jpg 2048w\" sizes=\"(max-width: 1024px) 100vw, 1024px\" \/>\t\t\t\t\t\t\t\t\t\t\t\t\t\t\t<\/div>\n\t\t\t\t<\/div>\n\t\t\t\t<div class=\"elementor-element elementor-element-1a32ed9 elementor-widget elementor-widget-image\" data-id=\"1a32ed9\" data-element_type=\"widget\" data-e-type=\"widget\" data-widget_type=\"image.default\">\n\t\t\t\t<div class=\"elementor-widget-container\">\n\t\t\t\t\t\t\t\t\t\t\t\t\t\t\t<img loading=\"lazy\" decoding=\"async\" width=\"1024\" height=\"1024\" src=\"https:\/\/www.zelger.it\/wp-content\/uploads\/2025\/06\/Inaugurazione-Zelger-Center-Desenzano-3-1024x1024.jpg\" class=\"attachment-large size-large wp-image-11557\" alt=\"\" srcset=\"https:\/\/www.zelger.it\/wp-content\/uploads\/2025\/06\/Inaugurazione-Zelger-Center-Desenzano-3-1024x1024.jpg 1024w, https:\/\/www.zelger.it\/wp-content\/uploads\/2025\/06\/Inaugurazione-Zelger-Center-Desenzano-3-300x300.jpg 300w, https:\/\/www.zelger.it\/wp-content\/uploads\/2025\/06\/Inaugurazione-Zelger-Center-Desenzano-3-150x150.jpg 150w, https:\/\/www.zelger.it\/wp-content\/uploads\/2025\/06\/Inaugurazione-Zelger-Center-Desenzano-3-768x768.jpg 768w, https:\/\/www.zelger.it\/wp-content\/uploads\/2025\/06\/Inaugurazione-Zelger-Center-Desenzano-3-1536x1536.jpg 1536w, https:\/\/www.zelger.it\/wp-content\/uploads\/2025\/06\/Inaugurazione-Zelger-Center-Desenzano-3-2048x2048.jpg 2048w\" sizes=\"(max-width: 1024px) 100vw, 1024px\" \/>\t\t\t\t\t\t\t\t\t\t\t\t\t\t\t<\/div>\n\t\t\t\t<\/div>\n\t\t\t\t\t<\/div>\n\t\t\t\t<\/div>\n\t\t\t\t<\/div>\n\t\t","protected":false},"excerpt":{"rendered":"<p>Zelger \u2013 jetzt auch in Desenzano f\u00fcr dich da! Neues Zelger Center, dieselben Werte. Mit gro\u00dfer Freude teilen wir mit, dass Zelger am 18. Juni 2025 sein neues Zelger Center in Desenzano del Garda er\u00f6ffnet hat. Mit dieser Neuer\u00f6ffnung z\u00e4hlen wir nun 24 operative Standorte in Norditalien. Mit dem neuen Zentrum st\u00e4rken wir unsere Pr\u00e4senz [&hellip;]<\/p>\n","protected":false},"author":6,"featured_media":11555,"comment_status":"closed","ping_status":"closed","sticky":false,"template":"","format":"standard","meta":{"site-sidebar-layout":"default","site-content-layout":"","ast-site-content-layout":"default","site-content-style":"default","site-sidebar-style":"default","ast-global-header-display":"","ast-banner-title-visibility":"","ast-main-header-display":"","ast-hfb-above-header-display":"","ast-hfb-below-header-display":"","ast-hfb-mobile-header-display":"","site-post-title":"","ast-breadcrumbs-content":"","ast-featured-img":"","footer-sml-layout":"","ast-disable-related-posts":"","theme-transparent-header-meta":"","adv-header-id-meta":"","stick-header-meta":"","header-above-stick-meta":"","header-main-stick-meta":"","header-below-stick-meta":"","astra-migrate-meta-layouts":"set","ast-page-background-enabled":"default","ast-page-background-meta":{"desktop":{"background-color":"var(--ast-global-color-4)","background-image":"","background-repeat":"repeat","background-position":"center center","background-size":"auto","background-attachment":"scroll","background-type":"","background-media":"","overlay-type":"","overlay-color":"","overlay-opacity":"","overlay-gradient":""},"tablet":{"background-color":"","background-image":"","background-repeat":"repeat","background-position":"center center","background-size":"auto","background-attachment":"scroll","background-type":"","background-media":"","overlay-type":"","overlay-color":"","overlay-opacity":"","overlay-gradient":""},"mobile":{"background-color":"","background-image":"","background-repeat":"repeat","background-position":"center center","background-size":"auto","background-attachment":"scroll","background-type":"","background-media":"","overlay-type":"","overlay-color":"","overlay-opacity":"","overlay-gradient":""}},"ast-content-background-meta":{"desktop":{"background-color":"var(--ast-global-color-5)","background-image":"","background-repeat":"repeat","background-position":"center center","background-size":"auto","background-attachment":"scroll","background-type":"","background-media":"","overlay-type":"","overlay-color":"","overlay-opacity":"","overlay-gradient":""},"tablet":{"background-color":"var(--ast-global-color-5)","background-image":"","background-repeat":"repeat","background-position":"center center","background-size":"auto","background-attachment":"scroll","background-type":"","background-media":"","overlay-type":"","overlay-color":"","overlay-opacity":"","overlay-gradient":""},"mobile":{"background-color":"var(--ast-global-color-5)","background-image":"","background-repeat":"repeat","background-position":"center center","background-size":"auto","background-attachment":"scroll","background-type":"","background-media":"","overlay-type":"","overlay-color":"","overlay-opacity":"","overlay-gradient":""}},"footnotes":""},"categories":[43],"tags":[188,192,191,187],"class_list":["post-11567","post","type-post","status-publish","format-standard","has-post-thumbnail","hentry","category-news-de","tag-hoerzentrum-desenzano","tag-persoenliche-hoerberatung","tag-qualitativer-hoerservice","tag-zelger-desenzano-2"],"yoast_head":"<!-- This site is optimized with the Yoast SEO plugin v27.4 - https:\/\/yoast.com\/product\/yoast-seo-wordpress\/ -->\n<title>Zelger \u2013 jetzt auch in Desenzano f\u00fcr dich da! - Zelger - Ihre H\u00f6rexperten<\/title>\n<meta name=\"description\" content=\"Neu in Desenzano del Garda: Dein Zelger Center f\u00fcr H\u00f6rtests, Beratung &amp; H\u00f6rger\u00e4te. Zentral, kompetent und kostenlos \u2013 jetzt besuchen!\" \/>\n<meta name=\"robots\" content=\"index, follow, max-snippet:-1, max-image-preview:large, max-video-preview:-1\" \/>\n<link rel=\"canonical\" href=\"https:\/\/www.zelger.it\/de\/zelger-jetzt-auch-in-desenzano-fuer-dich-da\/\" \/>\n<meta property=\"og:locale\" content=\"de_DE\" \/>\n<meta property=\"og:type\" content=\"article\" \/>\n<meta property=\"og:title\" content=\"Zelger \u2013 jetzt auch in Desenzano f\u00fcr dich da! - Zelger - Ihre H\u00f6rexperten\" \/>\n<meta property=\"og:description\" content=\"Neu in Desenzano del Garda: Dein Zelger Center f\u00fcr H\u00f6rtests, Beratung &amp; H\u00f6rger\u00e4te. Zentral, kompetent und kostenlos \u2013 jetzt besuchen!\" \/>\n<meta property=\"og:url\" content=\"https:\/\/www.zelger.it\/de\/zelger-jetzt-auch-in-desenzano-fuer-dich-da\/\" \/>\n<meta property=\"og:site_name\" content=\"Zelger - Ihre H\u00f6rexperten\" \/>\n<meta property=\"article:publisher\" content=\"https:\/\/www.facebook.com\/zelger.it\" \/>\n<meta property=\"article:published_time\" content=\"2025-06-23T07:31:44+00:00\" \/>\n<meta property=\"article:modified_time\" content=\"2025-07-31T13:34:48+00:00\" \/>\n<meta property=\"og:image\" content=\"https:\/\/www.zelger.it\/wp-content\/uploads\/2025\/06\/Zelger-Center-Desenzano-del-Garda.png\" \/>\n\t<meta property=\"og:image:width\" content=\"2000\" \/>\n\t<meta property=\"og:image:height\" content=\"1125\" \/>\n\t<meta property=\"og:image:type\" content=\"image\/png\" \/>\n<meta name=\"author\" content=\"Isabel Lunelli\" \/>\n<meta name=\"twitter:card\" content=\"summary_large_image\" \/>\n<meta name=\"twitter:label1\" content=\"Verfasst von\" \/>\n\t<meta name=\"twitter:data1\" content=\"Isabel Lunelli\" \/>\n\t<meta name=\"twitter:label2\" content=\"Gesch\u00e4tzte Lesezeit\" \/>\n\t<meta name=\"twitter:data2\" content=\"2\u00a0Minuten\" \/>\n<script type=\"application\/ld+json\" class=\"yoast-schema-graph\">{\"@context\":\"https:\\\/\\\/schema.org\",\"@graph\":[{\"@type\":\"Article\",\"@id\":\"https:\\\/\\\/www.zelger.it\\\/de\\\/zelger-jetzt-auch-in-desenzano-fuer-dich-da\\\/#article\",\"isPartOf\":{\"@id\":\"https:\\\/\\\/www.zelger.it\\\/de\\\/zelger-jetzt-auch-in-desenzano-fuer-dich-da\\\/\"},\"author\":{\"name\":\"Isabel Lunelli\",\"@id\":\"https:\\\/\\\/www.zelger.it\\\/de\\\/#\\\/schema\\\/person\\\/f63538f30e87d778e6f9f315296e66b4\"},\"headline\":\"Zelger \u2013 jetzt auch in Desenzano f\u00fcr dich da!\",\"datePublished\":\"2025-06-23T07:31:44+00:00\",\"dateModified\":\"2025-07-31T13:34:48+00:00\",\"mainEntityOfPage\":{\"@id\":\"https:\\\/\\\/www.zelger.it\\\/de\\\/zelger-jetzt-auch-in-desenzano-fuer-dich-da\\\/\"},\"wordCount\":196,\"publisher\":{\"@id\":\"https:\\\/\\\/www.zelger.it\\\/de\\\/#organization\"},\"image\":{\"@id\":\"https:\\\/\\\/www.zelger.it\\\/de\\\/zelger-jetzt-auch-in-desenzano-fuer-dich-da\\\/#primaryimage\"},\"thumbnailUrl\":\"https:\\\/\\\/www.zelger.it\\\/wp-content\\\/uploads\\\/2025\\\/06\\\/Zelger-Center-Desenzano-del-Garda.png\",\"keywords\":[\"H\u00f6rzentrum Desenzano\",\"Pers\u00f6nliche H\u00f6rberatung\",\"Qualitativer H\u00f6rservice\",\"Zelger Desenzano\"],\"articleSection\":[\"News\"],\"inLanguage\":\"de\"},{\"@type\":\"WebPage\",\"@id\":\"https:\\\/\\\/www.zelger.it\\\/de\\\/zelger-jetzt-auch-in-desenzano-fuer-dich-da\\\/\",\"url\":\"https:\\\/\\\/www.zelger.it\\\/de\\\/zelger-jetzt-auch-in-desenzano-fuer-dich-da\\\/\",\"name\":\"Zelger \u2013 jetzt auch in Desenzano f\u00fcr dich da! - Zelger - Ihre H\u00f6rexperten\",\"isPartOf\":{\"@id\":\"https:\\\/\\\/www.zelger.it\\\/de\\\/#website\"},\"primaryImageOfPage\":{\"@id\":\"https:\\\/\\\/www.zelger.it\\\/de\\\/zelger-jetzt-auch-in-desenzano-fuer-dich-da\\\/#primaryimage\"},\"image\":{\"@id\":\"https:\\\/\\\/www.zelger.it\\\/de\\\/zelger-jetzt-auch-in-desenzano-fuer-dich-da\\\/#primaryimage\"},\"thumbnailUrl\":\"https:\\\/\\\/www.zelger.it\\\/wp-content\\\/uploads\\\/2025\\\/06\\\/Zelger-Center-Desenzano-del-Garda.png\",\"datePublished\":\"2025-06-23T07:31:44+00:00\",\"dateModified\":\"2025-07-31T13:34:48+00:00\",\"description\":\"Neu in Desenzano del Garda: Dein Zelger Center f\u00fcr H\u00f6rtests, Beratung & H\u00f6rger\u00e4te. Zentral, kompetent und kostenlos \u2013 jetzt besuchen!\",\"breadcrumb\":{\"@id\":\"https:\\\/\\\/www.zelger.it\\\/de\\\/zelger-jetzt-auch-in-desenzano-fuer-dich-da\\\/#breadcrumb\"},\"inLanguage\":\"de\",\"potentialAction\":[{\"@type\":\"ReadAction\",\"target\":[\"https:\\\/\\\/www.zelger.it\\\/de\\\/zelger-jetzt-auch-in-desenzano-fuer-dich-da\\\/\"]}]},{\"@type\":\"ImageObject\",\"inLanguage\":\"de\",\"@id\":\"https:\\\/\\\/www.zelger.it\\\/de\\\/zelger-jetzt-auch-in-desenzano-fuer-dich-da\\\/#primaryimage\",\"url\":\"https:\\\/\\\/www.zelger.it\\\/wp-content\\\/uploads\\\/2025\\\/06\\\/Zelger-Center-Desenzano-del-Garda.png\",\"contentUrl\":\"https:\\\/\\\/www.zelger.it\\\/wp-content\\\/uploads\\\/2025\\\/06\\\/Zelger-Center-Desenzano-del-Garda.png\",\"width\":2000,\"height\":1125},{\"@type\":\"BreadcrumbList\",\"@id\":\"https:\\\/\\\/www.zelger.it\\\/de\\\/zelger-jetzt-auch-in-desenzano-fuer-dich-da\\\/#breadcrumb\",\"itemListElement\":[{\"@type\":\"ListItem\",\"position\":1,\"name\":\"Home\",\"item\":\"https:\\\/\\\/www.zelger.it\\\/de\\\/\"},{\"@type\":\"ListItem\",\"position\":2,\"name\":\"Zelger \u2013 jetzt auch in Desenzano f\u00fcr dich da!\"}]},{\"@type\":\"WebSite\",\"@id\":\"https:\\\/\\\/www.zelger.it\\\/de\\\/#website\",\"url\":\"https:\\\/\\\/www.zelger.it\\\/de\\\/\",\"name\":\"Zelger - Ihre H\u00f6rexperten\",\"description\":\"Apparecchi acustici da Zelger | Esperti dell\u2019udito nel Nord Italia\",\"publisher\":{\"@id\":\"https:\\\/\\\/www.zelger.it\\\/de\\\/#organization\"},\"potentialAction\":[{\"@type\":\"SearchAction\",\"target\":{\"@type\":\"EntryPoint\",\"urlTemplate\":\"https:\\\/\\\/www.zelger.it\\\/de\\\/?s={search_term_string}\"},\"query-input\":{\"@type\":\"PropertyValueSpecification\",\"valueRequired\":true,\"valueName\":\"search_term_string\"}}],\"inLanguage\":\"de\"},{\"@type\":\"Organization\",\"@id\":\"https:\\\/\\\/www.zelger.it\\\/de\\\/#organization\",\"name\":\"Zelger Srl\",\"url\":\"https:\\\/\\\/www.zelger.it\\\/de\\\/\",\"logo\":{\"@type\":\"ImageObject\",\"inLanguage\":\"de\",\"@id\":\"https:\\\/\\\/www.zelger.it\\\/de\\\/#\\\/schema\\\/logo\\\/image\\\/\",\"url\":\"https:\\\/\\\/www.zelger.it\\\/wp-content\\\/uploads\\\/2023\\\/03\\\/Logo_it.svg\",\"contentUrl\":\"https:\\\/\\\/www.zelger.it\\\/wp-content\\\/uploads\\\/2023\\\/03\\\/Logo_it.svg\",\"caption\":\"Zelger Srl\"},\"image\":{\"@id\":\"https:\\\/\\\/www.zelger.it\\\/de\\\/#\\\/schema\\\/logo\\\/image\\\/\"},\"sameAs\":[\"https:\\\/\\\/www.facebook.com\\\/zelger.it\",\"https:\\\/\\\/www.youtube.com\\\/channel\\\/UCElzmntcVyuS8eWah3Ut8GA\"]},{\"@type\":\"Person\",\"@id\":\"https:\\\/\\\/www.zelger.it\\\/de\\\/#\\\/schema\\\/person\\\/f63538f30e87d778e6f9f315296e66b4\",\"name\":\"Isabel Lunelli\",\"image\":{\"@type\":\"ImageObject\",\"inLanguage\":\"de\",\"@id\":\"https:\\\/\\\/secure.gravatar.com\\\/avatar\\\/c478b170f49c37583f09140f87b9b0c82679f692fb7207bcab772b972aaaa20b?s=96&d=mm&r=g\",\"url\":\"https:\\\/\\\/secure.gravatar.com\\\/avatar\\\/c478b170f49c37583f09140f87b9b0c82679f692fb7207bcab772b972aaaa20b?s=96&d=mm&r=g\",\"contentUrl\":\"https:\\\/\\\/secure.gravatar.com\\\/avatar\\\/c478b170f49c37583f09140f87b9b0c82679f692fb7207bcab772b972aaaa20b?s=96&d=mm&r=g\",\"caption\":\"Isabel Lunelli\"}}]}<\/script>\n<!-- \/ Yoast SEO plugin. -->","yoast_head_json":{"title":"Zelger \u2013 jetzt auch in Desenzano f\u00fcr dich da! - Zelger - Ihre H\u00f6rexperten","description":"Neu in Desenzano del Garda: Dein Zelger Center f\u00fcr H\u00f6rtests, Beratung & H\u00f6rger\u00e4te. Zentral, kompetent und kostenlos \u2013 jetzt besuchen!","robots":{"index":"index","follow":"follow","max-snippet":"max-snippet:-1","max-image-preview":"max-image-preview:large","max-video-preview":"max-video-preview:-1"},"canonical":"https:\/\/www.zelger.it\/de\/zelger-jetzt-auch-in-desenzano-fuer-dich-da\/","og_locale":"de_DE","og_type":"article","og_title":"Zelger \u2013 jetzt auch in Desenzano f\u00fcr dich da! - Zelger - Ihre H\u00f6rexperten","og_description":"Neu in Desenzano del Garda: Dein Zelger Center f\u00fcr H\u00f6rtests, Beratung & H\u00f6rger\u00e4te. Zentral, kompetent und kostenlos \u2013 jetzt besuchen!","og_url":"https:\/\/www.zelger.it\/de\/zelger-jetzt-auch-in-desenzano-fuer-dich-da\/","og_site_name":"Zelger - Ihre H\u00f6rexperten","article_publisher":"https:\/\/www.facebook.com\/zelger.it","article_published_time":"2025-06-23T07:31:44+00:00","article_modified_time":"2025-07-31T13:34:48+00:00","og_image":[{"width":2000,"height":1125,"url":"https:\/\/www.zelger.it\/wp-content\/uploads\/2025\/06\/Zelger-Center-Desenzano-del-Garda.png","type":"image\/png"}],"author":"Isabel Lunelli","twitter_card":"summary_large_image","twitter_misc":{"Verfasst von":"Isabel Lunelli","Gesch\u00e4tzte Lesezeit":"2\u00a0Minuten"},"schema":{"@context":"https:\/\/schema.org","@graph":[{"@type":"Article","@id":"https:\/\/www.zelger.it\/de\/zelger-jetzt-auch-in-desenzano-fuer-dich-da\/#article","isPartOf":{"@id":"https:\/\/www.zelger.it\/de\/zelger-jetzt-auch-in-desenzano-fuer-dich-da\/"},"author":{"name":"Isabel Lunelli","@id":"https:\/\/www.zelger.it\/de\/#\/schema\/person\/f63538f30e87d778e6f9f315296e66b4"},"headline":"Zelger \u2013 jetzt auch in Desenzano f\u00fcr dich da!","datePublished":"2025-06-23T07:31:44+00:00","dateModified":"2025-07-31T13:34:48+00:00","mainEntityOfPage":{"@id":"https:\/\/www.zelger.it\/de\/zelger-jetzt-auch-in-desenzano-fuer-dich-da\/"},"wordCount":196,"publisher":{"@id":"https:\/\/www.zelger.it\/de\/#organization"},"image":{"@id":"https:\/\/www.zelger.it\/de\/zelger-jetzt-auch-in-desenzano-fuer-dich-da\/#primaryimage"},"thumbnailUrl":"https:\/\/www.zelger.it\/wp-content\/uploads\/2025\/06\/Zelger-Center-Desenzano-del-Garda.png","keywords":["H\u00f6rzentrum Desenzano","Pers\u00f6nliche H\u00f6rberatung","Qualitativer H\u00f6rservice","Zelger Desenzano"],"articleSection":["News"],"inLanguage":"de"},{"@type":"WebPage","@id":"https:\/\/www.zelger.it\/de\/zelger-jetzt-auch-in-desenzano-fuer-dich-da\/","url":"https:\/\/www.zelger.it\/de\/zelger-jetzt-auch-in-desenzano-fuer-dich-da\/","name":"Zelger \u2013 jetzt auch in Desenzano f\u00fcr dich da! - Zelger - Ihre H\u00f6rexperten","isPartOf":{"@id":"https:\/\/www.zelger.it\/de\/#website"},"primaryImageOfPage":{"@id":"https:\/\/www.zelger.it\/de\/zelger-jetzt-auch-in-desenzano-fuer-dich-da\/#primaryimage"},"image":{"@id":"https:\/\/www.zelger.it\/de\/zelger-jetzt-auch-in-desenzano-fuer-dich-da\/#primaryimage"},"thumbnailUrl":"https:\/\/www.zelger.it\/wp-content\/uploads\/2025\/06\/Zelger-Center-Desenzano-del-Garda.png","datePublished":"2025-06-23T07:31:44+00:00","dateModified":"2025-07-31T13:34:48+00:00","description":"Neu in Desenzano del Garda: Dein Zelger Center f\u00fcr H\u00f6rtests, Beratung & H\u00f6rger\u00e4te. Zentral, kompetent und kostenlos \u2013 jetzt besuchen!","breadcrumb":{"@id":"https:\/\/www.zelger.it\/de\/zelger-jetzt-auch-in-desenzano-fuer-dich-da\/#breadcrumb"},"inLanguage":"de","potentialAction":[{"@type":"ReadAction","target":["https:\/\/www.zelger.it\/de\/zelger-jetzt-auch-in-desenzano-fuer-dich-da\/"]}]},{"@type":"ImageObject","inLanguage":"de","@id":"https:\/\/www.zelger.it\/de\/zelger-jetzt-auch-in-desenzano-fuer-dich-da\/#primaryimage","url":"https:\/\/www.zelger.it\/wp-content\/uploads\/2025\/06\/Zelger-Center-Desenzano-del-Garda.png","contentUrl":"https:\/\/www.zelger.it\/wp-content\/uploads\/2025\/06\/Zelger-Center-Desenzano-del-Garda.png","width":2000,"height":1125},{"@type":"BreadcrumbList","@id":"https:\/\/www.zelger.it\/de\/zelger-jetzt-auch-in-desenzano-fuer-dich-da\/#breadcrumb","itemListElement":[{"@type":"ListItem","position":1,"name":"Home","item":"https:\/\/www.zelger.it\/de\/"},{"@type":"ListItem","position":2,"name":"Zelger \u2013 jetzt auch in Desenzano f\u00fcr dich da!"}]},{"@type":"WebSite","@id":"https:\/\/www.zelger.it\/de\/#website","url":"https:\/\/www.zelger.it\/de\/","name":"Zelger - Ihre H\u00f6rexperten","description":"Apparecchi acustici da Zelger | Esperti dell\u2019udito nel Nord Italia","publisher":{"@id":"https:\/\/www.zelger.it\/de\/#organization"},"potentialAction":[{"@type":"SearchAction","target":{"@type":"EntryPoint","urlTemplate":"https:\/\/www.zelger.it\/de\/?s={search_term_string}"},"query-input":{"@type":"PropertyValueSpecification","valueRequired":true,"valueName":"search_term_string"}}],"inLanguage":"de"},{"@type":"Organization","@id":"https:\/\/www.zelger.it\/de\/#organization","name":"Zelger Srl","url":"https:\/\/www.zelger.it\/de\/","logo":{"@type":"ImageObject","inLanguage":"de","@id":"https:\/\/www.zelger.it\/de\/#\/schema\/logo\/image\/","url":"https:\/\/www.zelger.it\/wp-content\/uploads\/2023\/03\/Logo_it.svg","contentUrl":"https:\/\/www.zelger.it\/wp-content\/uploads\/2023\/03\/Logo_it.svg","caption":"Zelger Srl"},"image":{"@id":"https:\/\/www.zelger.it\/de\/#\/schema\/logo\/image\/"},"sameAs":["https:\/\/www.facebook.com\/zelger.it","https:\/\/www.youtube.com\/channel\/UCElzmntcVyuS8eWah3Ut8GA"]},{"@type":"Person","@id":"https:\/\/www.zelger.it\/de\/#\/schema\/person\/f63538f30e87d778e6f9f315296e66b4","name":"Isabel Lunelli","image":{"@type":"ImageObject","inLanguage":"de","@id":"https:\/\/secure.gravatar.com\/avatar\/c478b170f49c37583f09140f87b9b0c82679f692fb7207bcab772b972aaaa20b?s=96&d=mm&r=g","url":"https:\/\/secure.gravatar.com\/avatar\/c478b170f49c37583f09140f87b9b0c82679f692fb7207bcab772b972aaaa20b?s=96&d=mm&r=g","contentUrl":"https:\/\/secure.gravatar.com\/avatar\/c478b170f49c37583f09140f87b9b0c82679f692fb7207bcab772b972aaaa20b?s=96&d=mm&r=g","caption":"Isabel Lunelli"}}]}},"_links":{"self":[{"href":"https:\/\/www.zelger.it\/de\/wp-json\/wp\/v2\/posts\/11567","targetHints":{"allow":["GET"]}}],"collection":[{"href":"https:\/\/www.zelger.it\/de\/wp-json\/wp\/v2\/posts"}],"about":[{"href":"https:\/\/www.zelger.it\/de\/wp-json\/wp\/v2\/types\/post"}],"author":[{"embeddable":true,"href":"https:\/\/www.zelger.it\/de\/wp-json\/wp\/v2\/users\/6"}],"replies":[{"embeddable":true,"href":"https:\/\/www.zelger.it\/de\/wp-json\/wp\/v2\/comments?post=11567"}],"version-history":[{"count":0,"href":"https:\/\/www.zelger.it\/de\/wp-json\/wp\/v2\/posts\/11567\/revisions"}],"wp:featuredmedia":[{"embeddable":true,"href":"https:\/\/www.zelger.it\/de\/wp-json\/wp\/v2\/media\/11555"}],"wp:attachment":[{"href":"https:\/\/www.zelger.it\/de\/wp-json\/wp\/v2\/media?parent=11567"}],"wp:term":[{"taxonomy":"category","embeddable":true,"href":"https:\/\/www.zelger.it\/de\/wp-json\/wp\/v2\/categories?post=11567"},{"taxonomy":"post_tag","embeddable":true,"href":"https:\/\/www.zelger.it\/de\/wp-json\/wp\/v2\/tags?post=11567"}],"curies":[{"name":"wp","href":"https:\/\/api.w.org\/{rel}","templated":true}]}}